{"id":2446,"date":"2014-12-12T22:18:00","date_gmt":"2014-12-12T22:18:00","guid":{"rendered":"http:\/\/172.16.0.7\/site-antigo\/?p=2446"},"modified":"2024-10-08T09:09:38","modified_gmt":"2024-10-08T12:09:38","slug":"cantata-de-natal-encanta-e-atrai-grande-publico-a-praca-rui-barbosa","status":"publish","type":"post","link":"http:\/\/www.apucarana.pr.gov.br\/site\/cantata-de-natal-encanta-e-atrai-grande-publico-a-praca-rui-barbosa\/","title":{"rendered":"Cantata de Natal encanta e atrai grande p\u00fablico \u00e0 Pra\u00e7a Rui Barbosa"},"content":{"rendered":"<\/p>\n<p>A noite desta sexta-feira (12\/12) foi marcada por grandes emo\u00e7\u00f5es, pois quem passou pela Pra\u00e7a Rui Barbosa por volta das 20h30 foi surpreendido por uma bel\u00edssima Cantata de Natal.<\/p>\n<p>Das janelas do pr\u00e9dio do Polo UAB, que estava todo iluminado, de repente surgiram mais de 300 crian\u00e7as vestidas de papai noel e entoando can\u00e7\u00f5es como Noite Feliz, Bate o Sino, Sorte Grande e Any man of mine. O tema da apresenta\u00e7\u00e3o foi &#8220;O Natal Brasileiro&#8221;.<\/p>\n<p>Os cantores mirins eram todos alunos da rede municipal de ensino. Eles foram ensaiados durante as aulas de coral, flauta e cordas que s\u00e3o oferecidas na matriz curricular das escolas e centros de educa\u00e7\u00e3o infantil por meio de parceria entre a Autarquia Municipal de Educa\u00e7\u00e3o, o Centro da Juventude e a academia de m\u00fasica Johann Sebastian Bacch.<\/p>\n<p>A diretora-presidente da AME, professora Marli Fernandes, fez a abertura do evento. Em nome do prefeito Beto Preto, que n\u00e3o se encontrava na cidade, ela agradeceu a todos os envolvidos na realiza\u00e7\u00e3o do espet\u00e1culo. &#8220;Muito obrigada tamb\u00e9m aos professores, \u00e0s diretoras, coordenadoras, merendeiras, zeladoras e demais funcion\u00e1rios da rede municipal por seu empenho, dedica\u00e7\u00e3o e comprometimento durante o ano todo&#8221;, disse.<\/p>\n<p>Desde a \u00faltima semana, diversas apresenta\u00e7\u00f5es natalinas est\u00e3o sendo realizadas pela cidade. &#8220;Elas s\u00e3o para coroar o final do ano letivo e para mostrar \u00e0 popula\u00e7\u00e3o um pouco do trabalho que vem sendo executado nas escolas&#8221;, disse Marli, acrescentando ainda que a programa\u00e7\u00e3o continua at\u00e9 o pr\u00f3ximo dia 17. &#8220;Essa \u00e9 a melhor forma que encontramos de desejar aos apucaranenses votos de feliz natal e um pr\u00f3spero ano novo&#8221;. <\/p>\n<p><\/p>\n","protected":false},"excerpt":{"rendered":"<p>Das janelas do Polo UAB, de repente surgiram mais de 300 crian&ccedil;as vestidas de papai noel e entoando can&ccedil;&otilde;es como Noite Feliz, Bate o Sino, Sorte Grande e Any man of mine.     <\/p>\n","protected":false},"author":4,"featured_media":0,"comment_status":"closed","ping_status":"closed","sticky":false,"template":"","format":"standard","meta":{"footnotes":""},"categories":[24],"tags":[],"class_list":["post-2446","post","type-post","status-publish","format-standard","hentry","category-noticias"],"acf":[],"_links":{"self":[{"href":"http:\/\/www.apucarana.pr.gov.br\/site\/wp-json\/wp\/v2\/posts\/2446","targetHints":{"allow":["GET"]}}],"collection":[{"href":"http:\/\/www.apucarana.pr.gov.br\/site\/wp-json\/wp\/v2\/posts"}],"about":[{"href":"http:\/\/www.apucarana.pr.gov.br\/site\/wp-json\/wp\/v2\/types\/post"}],"author":[{"embeddable":true,"href":"http:\/\/www.apucarana.pr.gov.br\/site\/wp-json\/wp\/v2\/users\/4"}],"replies":[{"embeddable":true,"href":"http:\/\/www.apucarana.pr.gov.br\/site\/wp-json\/wp\/v2\/comments?post=2446"}],"version-history":[{"count":1,"href":"http:\/\/www.apucarana.pr.gov.br\/site\/wp-json\/wp\/v2\/posts\/2446\/revisions"}],"predecessor-version":[{"id":104433,"href":"http:\/\/www.apucarana.pr.gov.br\/site\/wp-json\/wp\/v2\/posts\/2446\/revisions\/104433"}],"wp:attachment":[{"href":"http:\/\/www.apucarana.pr.gov.br\/site\/wp-json\/wp\/v2\/media?parent=2446"}],"wp:term":[{"taxonomy":"category","embeddable":true,"href":"http:\/\/www.apucarana.pr.gov.br\/site\/wp-json\/wp\/v2\/categories?post=2446"},{"taxonomy":"post_tag","embeddable":true,"href":"http:\/\/www.apucarana.pr.gov.br\/site\/wp-json\/wp\/v2\/tags?post=2446"}],"curies":[{"name":"wp","href":"https:\/\/api.w.org\/{rel}","templated":true}]}}