{"id":2445,"date":"2014-12-12T16:52:59","date_gmt":"2014-12-12T16:52:59","guid":{"rendered":"http:\/\/172.16.0.7\/site-antigo\/?p=2445"},"modified":"2024-10-08T09:09:38","modified_gmt":"2024-10-08T12:09:38","slug":"apucarana-entrega-diplomas-reconhecidos-a-academicos-da-faced","status":"publish","type":"post","link":"http:\/\/www.apucarana.pr.gov.br\/site\/apucarana-entrega-diplomas-reconhecidos-a-academicos-da-faced\/","title":{"rendered":"Apucarana entrega diplomas reconhecidos a acad\u00eamicos da FACED"},"content":{"rendered":"<p><p>A Prefeitura de Apucarana realizou, na noite de ontem (11\/12), a cerim&ocirc;nia de diploma\u00e7\u00e3o de 161 acad\u00eamicos que conclu\u00edram seus cursos de gradua\u00e7\u00e3o pela Faculdade Apucarana Cidade Educa\u00e7\u00e3o. A solenidade foi no Polo da UAB e contou com a presen\u00e7a da diretora-presidente da Autarquia Municipal de Educa\u00e7\u00e3o, professora Marli Fernandes, que representou o prefeito Beto Preto, do secret\u00e1rio especial da pasta de Ensino Superior, professor Fernando Jos\u00e9 de Freitas, e da diretora geral da FACED, professora Cibele Barneze.<\/p>\n<p>Tamb\u00e9m compareceram o diretor de desenvolvimento da FACED, professor Jo\u00e3o Luiz Calegari, o secret\u00e1rio acad\u00eamico, S\u00e9rgio Fernando Carreiro, e as coordenadoras dos cursos de gradua\u00e7\u00e3o, professoras Afife Fontanine, Ang\u00e9lica Colombo e Marta Rech.<\/p>\n<p>Os 161 acad\u00eamicos s\u00e3o egressos dos cursos de Filosofia, Letras Portugu\u00eas-Ingl\u00eas, Letras Portugu\u00eas-Espanhol e Pedagogia. &ldquo;Eles conclu\u00edram a gradua\u00e7\u00e3o nos anos de 2012 e 2013, mas aguardavam a chancela dos seus diplomas pela Universidade Estadual de Londrina&rdquo;, explicou Cibele.<\/p>\n<p>A FACED teve seu funcionamento autorizado em 2008 e seu primeiro vestibular, realizado no ano seguinte. Entretanto, em 2011, a administra\u00e7\u00e3o municipal da \u00e9poca solicitou o fechamento da institui\u00e7\u00e3o. <\/p>\n<p>Mas com a troca de gest\u00e3o em 2013, o prefeito Beto Preto determinou que sua equipe se empenhasse em conquistar o reconhecimento dos cursos da FACED pelo Conselho Estadual de Educa\u00e7\u00e3o, fato que ocorreu por meio do decreto 37\/2013. &ldquo;Por isso, ficamos muito felizes em dizer que foi regulamentada a vida acad\u00eamica desses alunos e que os diplomas recebidos hoje tem validade em todo o territ\u00f3rio nacional&rdquo;, comemorou a Marli.<\/p>\n<p><\/p>\n","protected":false},"excerpt":{"rendered":"<p>Os 161 acad&ecirc;micos s&atilde;o egressos dos cursos de Filosofia, Letras Portugu&ecirc;s-Ingl&ecirc;s, Letras Portugu&ecirc;s-Espanhol e Pedagogia. <\/p>\n","protected":false},"author":4,"featured_media":0,"comment_status":"closed","ping_status":"closed","sticky":false,"template":"","format":"standard","meta":{"footnotes":""},"categories":[24],"tags":[],"class_list":["post-2445","post","type-post","status-publish","format-standard","hentry","category-noticias"],"acf":[],"_links":{"self":[{"href":"http:\/\/www.apucarana.pr.gov.br\/site\/wp-json\/wp\/v2\/posts\/2445","targetHints":{"allow":["GET"]}}],"collection":[{"href":"http:\/\/www.apucarana.pr.gov.br\/site\/wp-json\/wp\/v2\/posts"}],"about":[{"href":"http:\/\/www.apucarana.pr.gov.br\/site\/wp-json\/wp\/v2\/types\/post"}],"author":[{"embeddable":true,"href":"http:\/\/www.apucarana.pr.gov.br\/site\/wp-json\/wp\/v2\/users\/4"}],"replies":[{"embeddable":true,"href":"http:\/\/www.apucarana.pr.gov.br\/site\/wp-json\/wp\/v2\/comments?post=2445"}],"version-history":[{"count":1,"href":"http:\/\/www.apucarana.pr.gov.br\/site\/wp-json\/wp\/v2\/posts\/2445\/revisions"}],"predecessor-version":[{"id":104434,"href":"http:\/\/www.apucarana.pr.gov.br\/site\/wp-json\/wp\/v2\/posts\/2445\/revisions\/104434"}],"wp:attachment":[{"href":"http:\/\/www.apucarana.pr.gov.br\/site\/wp-json\/wp\/v2\/media?parent=2445"}],"wp:term":[{"taxonomy":"category","embeddable":true,"href":"http:\/\/www.apucarana.pr.gov.br\/site\/wp-json\/wp\/v2\/categories?post=2445"},{"taxonomy":"post_tag","embeddable":true,"href":"http:\/\/www.apucarana.pr.gov.br\/site\/wp-json\/wp\/v2\/tags?post=2445"}],"curies":[{"name":"wp","href":"https:\/\/api.w.org\/{rel}","templated":true}]}}