{"id":24382,"date":"2019-06-13T17:19:15","date_gmt":"2019-06-13T20:19:15","guid":{"rendered":"http:\/\/172.16.0.7\/site-antigo\/?p=24382"},"modified":"2024-10-08T09:19:08","modified_gmt":"2024-10-08T12:19:08","slug":"saude-alerta-para-casos-de-dengue-em-apucarana","status":"publish","type":"post","link":"http:\/\/www.apucarana.pr.gov.br\/site\/saude-alerta-para-casos-de-dengue-em-apucarana\/","title":{"rendered":"Sa\u00fade alerta para casos de dengue em Apucarana"},"content":{"rendered":"<p>Com 147 casos de dengue confirmados em Apucarana dentro do atual ano epidemiol\u00f3gico da doen\u00e7a, iniciado em agosto do ano passado, a Autarquia Municipal de Sa\u00fade (AMS) divulga um alerta e convoca a popula\u00e7\u00e3o para unir for\u00e7a junto ao poder p\u00fablico no combate ao mosquito Aedes aegyti. O n\u00famero divulgado hoje pela AMS, sendo 128 aut\u00f3ctones e 19 importados, \u00e9 quase o dobro no \u00faltimo balan\u00e7o. H\u00e1 23 dias o total de casos na cidade era de 78.<br \/>\nA situa\u00e7\u00e3o da dengue \u00e9 uma preocupa\u00e7\u00e3o das autoridades de sa\u00fade em todo o Estado. Conforme o \u00faltimo boletim da doen\u00e7a, atualizado semanalmente pela Secretaria de Estado da Sa\u00fade e divulgado na ter\u00e7a-feira (11), houve um aumento de 12,02% na ocorr\u00eancia de casos confirmados, com 1.449 novas confirma\u00e7\u00f5es.<br \/>\nAgora o Estado totaliza 13.504 casos confirmados desde agosto de 2018. Foz do Igua\u00e7u e Londrina registram o maior n\u00famero de casos, com 1173 e 1047, respectivamente. Maring\u00e1 soma 363 confirma\u00e7\u00f5es da doen\u00e7a e Camb\u00e9 322. No total s\u00e3o 17 mortes em todo o Paran\u00e1<br \/>\n\u201cA popula\u00e7\u00e3o precisa se manter alerta, intensificando os cuidados para eliminar qualquer recipiente com \u00e1gua parada\u201d, conclama o prefeito Junior da Femac, lembrando que os esfor\u00e7os do poder p\u00fablico h\u00e1 meses t\u00eam sido al\u00e9m do trabalho de rotina dos agentes de endemias, com equipes estendendo as visitas domiciliares para os finais de semana.<br \/>\nTamb\u00e9m foi desencadeada uma for\u00e7a-tarefa envolvendo v\u00e1rias secretarias, incluindo, al\u00e9m da Sa\u00fade, a do Meio Ambiente, Educa\u00e7\u00e3o, Agricultura e de Servi\u00e7os P\u00fablicos. A a\u00e7\u00e3o de preven\u00e7\u00e3o e combate \u00e0 doen\u00e7a inclui, por exemplo, ro\u00e7agem de terrenos vazios, recolhimento de entulhos, pneus e lixo recicl\u00e1vel.<br \/>\n<strong>Orienta\u00e7\u00f5es para evitar criadouros do mosquito transmissor da dengue:<\/strong><br \/>\n&#8211; Evitar o ac\u00famulo de lixo e entulhos;<br \/>\n&#8211; Deixar fechados sacolas e recipientes com lixo;<br \/>\n&#8211; Manter as caixas d\u2019\u00e1gua, gal\u00f5es, ton\u00e9is ou tambores sempre vedados;<br \/>\n&#8211; Remover a sujeira das calhas e ralos;<br \/>\n&#8211; N\u00e3o deixar pneus com \u00e1gua e em lugares descobertos;<br \/>\n&#8211; Deixar garrafas ou baldes com a boca para baixo;<br \/>\n&#8211; Verificar bandejas de ar-condicionado e geladeiras mantendo-as limpas e sem \u00e1gua;<br \/>\n&#8211; Colocar areia at\u00e9 a borda nos pratos de vasos de flores e plantas;<br \/>\n&#8211; Manter vasos sanit\u00e1rios sem uso fechados;<br \/>\n&#8211; Tratar a \u00e1gua de piscinas e fontes uma vez por semana;<br \/>\n&#8211; Esticar lonas para n\u00e3o formar po\u00e7as;<br \/>\n&#8211; Lavar os recipientes de \u00e1gua dos animais com esponja e sab\u00e3o.<br \/>\n&nbsp;<\/p>\n","protected":false},"excerpt":{"rendered":"<p>Cidade est\u00e1 com 147 confirma\u00e7\u00f5es da doen\u00e7a, sendo 128 aut\u00f3ctones e 19 importadas (Fotos &#8211; Profeta)<\/p>\n","protected":false},"author":4,"featured_media":24383,"comment_status":"closed","ping_status":"open","sticky":false,"template":"","format":"standard","meta":{"footnotes":""},"categories":[24],"tags":[],"class_list":["post-24382","post","type-post","status-publish","format-standard","has-post-thumbnail","hentry","category-noticias"],"acf":[],"_links":{"self":[{"href":"http:\/\/www.apucarana.pr.gov.br\/site\/wp-json\/wp\/v2\/posts\/24382","targetHints":{"allow":["GET"]}}],"collection":[{"href":"http:\/\/www.apucarana.pr.gov.br\/site\/wp-json\/wp\/v2\/posts"}],"about":[{"href":"http:\/\/www.apucarana.pr.gov.br\/site\/wp-json\/wp\/v2\/types\/post"}],"author":[{"embeddable":true,"href":"http:\/\/www.apucarana.pr.gov.br\/site\/wp-json\/wp\/v2\/users\/4"}],"replies":[{"embeddable":true,"href":"http:\/\/www.apucarana.pr.gov.br\/site\/wp-json\/wp\/v2\/comments?post=24382"}],"version-history":[{"count":1,"href":"http:\/\/www.apucarana.pr.gov.br\/site\/wp-json\/wp\/v2\/posts\/24382\/revisions"}],"predecessor-version":[{"id":100391,"href":"http:\/\/www.apucarana.pr.gov.br\/site\/wp-json\/wp\/v2\/posts\/24382\/revisions\/100391"}],"wp:featuredmedia":[{"embeddable":true,"href":"http:\/\/www.apucarana.pr.gov.br\/site\/wp-json\/"}],"wp:attachment":[{"href":"http:\/\/www.apucarana.pr.gov.br\/site\/wp-json\/wp\/v2\/media?parent=24382"}],"wp:term":[{"taxonomy":"category","embeddable":true,"href":"http:\/\/www.apucarana.pr.gov.br\/site\/wp-json\/wp\/v2\/categories?post=24382"},{"taxonomy":"post_tag","embeddable":true,"href":"http:\/\/www.apucarana.pr.gov.br\/site\/wp-json\/wp\/v2\/tags?post=24382"}],"curies":[{"name":"wp","href":"https:\/\/api.w.org\/{rel}","templated":true}]}}