{"id":24366,"date":"2019-06-12T17:36:54","date_gmt":"2019-06-12T20:36:54","guid":{"rendered":"http:\/\/172.16.0.7\/site-antigo\/?p=24366"},"modified":"2024-10-08T09:19:08","modified_gmt":"2024-10-08T12:19:08","slug":"prefeitura-pede-cessao-de-imovel-historico-a-copel","status":"publish","type":"post","link":"http:\/\/www.apucarana.pr.gov.br\/site\/prefeitura-pede-cessao-de-imovel-historico-a-copel\/","title":{"rendered":"Prefeitura pede cess\u00e3o de im\u00f3vel hist\u00f3rico \u00e0 Copel"},"content":{"rendered":"<p>Durante agenda em Curitiba, o prefeito J\u00fanior da Femac oficiou nesta quarta-feira (12\/06) a Companhia Paranaense de Energia El\u00e9trica (Copel) sobre o interesse do Munic\u00edpio em obter a cess\u00e3o de im\u00f3vel localizado na Avenida Irati, no bairro Barra Funda, onde em meados dos anos 40 foi inaugurada a Empresa Termel\u00e9trica do Vale do Iva\u00ed, que por muitos anos abrigou o gerador de energia que abastecia Apucarana e que, segundo informa\u00e7\u00f5es obtidas pelo munic\u00edpio, ser\u00e1 desocupado em breve pela Copel.<br \/>\nEndere\u00e7ado ao diretor-presidente da companhia, Daniel Pimentel Slaviero, o of\u00edcio pleiteando a cess\u00e3o gratuita do referido im\u00f3vel foi recebido pelo gerente do Departamento de Log\u00edstica e Suprimento da Distribui\u00e7\u00e3o, Carlos Movar Martins Machado, e pelo gerente da Divis\u00e3o de Administra\u00e7\u00e3o de Materiais, M\u00e1rcio Fabr\u00edcio Palharim. \u201cEste im\u00f3vel faz parte da hist\u00f3ria de nossa cidade, contendo um inestim\u00e1vel valor hist\u00f3rico e sentimental para nossa comunidade\u201d, argumenta o prefeito J\u00fanior da Femac. De acordo com ele, junto ao of\u00edcio foram anexadas fotografias hist\u00f3ricas demonstrando que em 1949 a Pra\u00e7a Rui Barbosa j\u00e1 contava com ilumina\u00e7\u00e3o gra\u00e7as \u00e0 unidade geradora.<br \/>\nCom cerca de 5 mil m\u00b2 de terreno e aproximadamente 1,6 mil m\u00b2 de \u00e1rea constru\u00edda, o im\u00f3vel est\u00e1 pr\u00f3ximo ao complexo da Esta\u00e7\u00e3o Ferrovi\u00e1ria de Apucarana, onde h\u00e1 em andamento, por parte da prefeitura, um projeto de revitaliza\u00e7\u00e3o com foco na preserva\u00e7\u00e3o da arquitetura original. \u201cNesse contexto, este pr\u00e9dio da Copel poderia compor o acervo hist\u00f3rico e cultural de Apucarana, ampliando sobremaneira o alcance do todos os cidad\u00e3os aos fatos que cercaram todo o desenvolvimento local e regional\u201d, refor\u00e7ou o prefeito, lembrando que a usina foi constru\u00edda em conjunto com o Governo Estadual e foi respons\u00e1vel pela gera\u00e7\u00e3o e fornecimento de energia a partir de um \u00fanico motor movido a \u00f3leo cru.<br \/>\nAl\u00e9m do aspecto da preserva\u00e7\u00e3o da hist\u00f3ria, com uma poss\u00edvel posse do im\u00f3vel a prefeitura projeta utilizar o espa\u00e7o para o desenvolvimento de atividades das secretarias municipais.<br \/>\nO problema energ\u00e9tico &#8211; Desde a funda\u00e7\u00e3o, em 1934, e por um longo per\u00edodo ainda, os moradores de Apucarana tiveram que conviver com o lampi\u00e3o a g\u00e1s ou lamparina como fornecedores de ilumina\u00e7\u00e3o de suas resid\u00eancias. Como a regi\u00e3o n\u00e3o possu\u00eda na \u00e9poca uma usina hidrel\u00e9trica, a solu\u00e7\u00e3o encontrada na d\u00e9cada de 40 foi a constitui\u00e7\u00e3o, pelo Estado e Prefeitura de Londrina (a qual Apucarana pertencia), da Empresa Termel\u00e9trica do Vale do Iva\u00ed. Contudo, a quantidade de energia gerada mostrou-se ainda insuficiente para atender a demanda que aumentava dia a dia.<br \/>\nA falta de solu\u00e7\u00e3o para o grave problema da precariedade no fornecimento de luz e energia em Apucarana no in\u00edcio dos anos 50 foi uma novela ininterrupta e intermin\u00e1vel ainda por algum tempo, envolvendo o governo do Estado, autoridades municipais, entidades representativas, imprensa e a opini\u00e3o p\u00fablica como um todo.<\/p>\n","protected":false},"excerpt":{"rendered":"<p>Ideia \u00e9 incorporar a propriedade, onde funcionou por anos o gerador de energia que abastecia Apucarana, ao acervo hist\u00f3rico e cultural da cidade (Foto: divulga\u00e7\u00e3o)<\/p>\n","protected":false},"author":4,"featured_media":24367,"comment_status":"closed","ping_status":"open","sticky":false,"template":"","format":"standard","meta":{"footnotes":""},"categories":[24],"tags":[],"class_list":["post-24366","post","type-post","status-publish","format-standard","has-post-thumbnail","hentry","category-noticias"],"acf":[],"_links":{"self":[{"href":"http:\/\/www.apucarana.pr.gov.br\/site\/wp-json\/wp\/v2\/posts\/24366","targetHints":{"allow":["GET"]}}],"collection":[{"href":"http:\/\/www.apucarana.pr.gov.br\/site\/wp-json\/wp\/v2\/posts"}],"about":[{"href":"http:\/\/www.apucarana.pr.gov.br\/site\/wp-json\/wp\/v2\/types\/post"}],"author":[{"embeddable":true,"href":"http:\/\/www.apucarana.pr.gov.br\/site\/wp-json\/wp\/v2\/users\/4"}],"replies":[{"embeddable":true,"href":"http:\/\/www.apucarana.pr.gov.br\/site\/wp-json\/wp\/v2\/comments?post=24366"}],"version-history":[{"count":1,"href":"http:\/\/www.apucarana.pr.gov.br\/site\/wp-json\/wp\/v2\/posts\/24366\/revisions"}],"predecessor-version":[{"id":100393,"href":"http:\/\/www.apucarana.pr.gov.br\/site\/wp-json\/wp\/v2\/posts\/24366\/revisions\/100393"}],"wp:featuredmedia":[{"embeddable":true,"href":"http:\/\/www.apucarana.pr.gov.br\/site\/wp-json\/"}],"wp:attachment":[{"href":"http:\/\/www.apucarana.pr.gov.br\/site\/wp-json\/wp\/v2\/media?parent=24366"}],"wp:term":[{"taxonomy":"category","embeddable":true,"href":"http:\/\/www.apucarana.pr.gov.br\/site\/wp-json\/wp\/v2\/categories?post=24366"},{"taxonomy":"post_tag","embeddable":true,"href":"http:\/\/www.apucarana.pr.gov.br\/site\/wp-json\/wp\/v2\/tags?post=24366"}],"curies":[{"name":"wp","href":"https:\/\/api.w.org\/{rel}","templated":true}]}}