{"id":24361,"date":"2019-06-12T12:31:24","date_gmt":"2019-06-12T15:31:24","guid":{"rendered":"http:\/\/172.16.0.7\/site-antigo\/?p=24361"},"modified":"2024-10-08T09:19:08","modified_gmt":"2024-10-08T12:19:08","slug":"municipios-discutem-plano-da-metropole-norte","status":"publish","type":"post","link":"http:\/\/www.apucarana.pr.gov.br\/site\/municipios-discutem-plano-da-metropole-norte\/","title":{"rendered":"Munic\u00edpios discutem plano da Metr\u00f3pole Norte"},"content":{"rendered":"<p>Representantes de v\u00e1rios munic\u00edpios participaram na ter\u00e7a-feira (11\/06), no audit\u00f3rio do Senac em Apucarana, da segunda audi\u00eancia p\u00fablica do Plano de Desenvolvimento Regional Sustent\u00e1vel da Metr\u00f3pole \u00a0Norte. O encontro trouxe uma compila\u00e7\u00e3o das informa\u00e7\u00f5es contidas nos relat\u00f3rios de contextualiza\u00e7\u00e3o, que tra\u00e7aram um cen\u00e1rio completo de \u00e1reas estrat\u00e9gicas dos munic\u00edpios que integram o eixo Londrina\/Maring\u00e1.<br \/>\nEntre os temas que foram abordados est\u00e3o os resultados da an\u00e1lise das for\u00e7as, fraquezas, oportunidades e amea\u00e7as trabalhadas nas oficinas de contextualiza\u00e7\u00e3o, al\u00e9m das pesquisas de origem e destino de cargas transportadas e as an\u00e1lises do comportamento comercial da regi\u00e3o. Com o diagn\u00f3stico aprovado, a pr\u00f3xima etapa consistir\u00e1 na constru\u00e7\u00e3o dos cen\u00e1rios de desenvolvimento poss\u00edveis para os 15 munic\u00edpios que integram o eixo.<br \/>\nO prefeito de Apucarana, Junior da Femac, enaltece a proposta do governo em promover este estudo. \u201cNossa regi\u00e3o \u00e9 rica em desenvolvimento econ\u00f4mico, apesar de ser ainda jovem com 80 anos em m\u00e9dia. Cabe aos agentes pol\u00edticos, planejar e fomentar a uni\u00e3o e o crescimento sustent\u00e1vel nesse eixo, em conson\u00e2ncia com os segmentos organizados da sociedade. Por isso, a import\u00e2ncia de abrir essa discuss\u00e3o acerca das a\u00e7\u00f5es e metas apontadas nesse diagn\u00f3stico\u201d, argumenta Junior.<br \/>\nA partir de agora, segundo o prefeito, deste trabalho deve surgir um planejamento para as pr\u00f3ximas d\u00e9cadas, alavancando o desenvolvimento de Apucarana e de toda a regi\u00e3o.\u00a0\u201cO foco deve ser a melhoria da qualidade de vida de toda a popula\u00e7\u00e3o do eixo, ou seja, das quinze cidades. E, na \u00e1rea econ\u00f4mica, o plano buscar\u00e1 unir as cidades em torno de objetivos comuns, romper barreiras e criar solu\u00e7\u00f5es eficientes, visando prospectar novos empreendimentos\u201d, avalia Junior da Femac, que cumpre agenda em Curitiba e na reuni\u00e3o da noite de ter\u00e7a-feira esteve representado pela equipe t\u00e9cnica do Instituto de Desenvolvimento, Pesquisa e Planejamento de Apucarana (Idepplan).<br \/>\nO principal objetivo do plano \u00e9 desenvolver um grande corredor, unindo as cidades de Arapongas, Rol\u00e2ndia, Camb\u00e9, Londrina, Ibipor\u00e3, Jataizinho, Apucarana, Pai\u00e7andu, Maring\u00e1, Sarandi, Marivalva, Mandaguari, Jandaia do Sul, Cambira e Mandagua\u00e7u. S\u00e3o munic\u00edpios situados ao longo das BR-369 e BR-376, concentrados em uma \u00e1rea de 6.225 quil\u00f4metros quadrados, somando 1,5 milh\u00e3o de habitantes e um PIB de R$ 35 bilh\u00f5es.<br \/>\nO Plano de Desenvolvimento Regional Sustent\u00e1vel da Metr\u00f3pole Paran\u00e1 Norte \u00e9 um projeto do Governo do Paran\u00e1, com o apoio do Banco Mundial. Participam do trabalho diversas secretarias estaduais, al\u00e9m do Cons\u00f3rcio Cobrape-Urbtec que foi contratado para elaborar o plano.<\/p>\n","protected":false},"excerpt":{"rendered":"<p>Segunda audi\u00eancia p\u00fablica do plano, que visa desenvolver um grande corredor regional, foi realizada em Apucarana. (Foto: Josias Profeta)<\/p>\n","protected":false},"author":4,"featured_media":24363,"comment_status":"closed","ping_status":"open","sticky":false,"template":"","format":"standard","meta":{"footnotes":""},"categories":[24],"tags":[],"class_list":["post-24361","post","type-post","status-publish","format-standard","has-post-thumbnail","hentry","category-noticias"],"acf":[],"_links":{"self":[{"href":"http:\/\/www.apucarana.pr.gov.br\/site\/wp-json\/wp\/v2\/posts\/24361","targetHints":{"allow":["GET"]}}],"collection":[{"href":"http:\/\/www.apucarana.pr.gov.br\/site\/wp-json\/wp\/v2\/posts"}],"about":[{"href":"http:\/\/www.apucarana.pr.gov.br\/site\/wp-json\/wp\/v2\/types\/post"}],"author":[{"embeddable":true,"href":"http:\/\/www.apucarana.pr.gov.br\/site\/wp-json\/wp\/v2\/users\/4"}],"replies":[{"embeddable":true,"href":"http:\/\/www.apucarana.pr.gov.br\/site\/wp-json\/wp\/v2\/comments?post=24361"}],"version-history":[{"count":1,"href":"http:\/\/www.apucarana.pr.gov.br\/site\/wp-json\/wp\/v2\/posts\/24361\/revisions"}],"predecessor-version":[{"id":100394,"href":"http:\/\/www.apucarana.pr.gov.br\/site\/wp-json\/wp\/v2\/posts\/24361\/revisions\/100394"}],"wp:featuredmedia":[{"embeddable":true,"href":"http:\/\/www.apucarana.pr.gov.br\/site\/wp-json\/"}],"wp:attachment":[{"href":"http:\/\/www.apucarana.pr.gov.br\/site\/wp-json\/wp\/v2\/media?parent=24361"}],"wp:term":[{"taxonomy":"category","embeddable":true,"href":"http:\/\/www.apucarana.pr.gov.br\/site\/wp-json\/wp\/v2\/categories?post=24361"},{"taxonomy":"post_tag","embeddable":true,"href":"http:\/\/www.apucarana.pr.gov.br\/site\/wp-json\/wp\/v2\/tags?post=24361"}],"curies":[{"name":"wp","href":"https:\/\/api.w.org\/{rel}","templated":true}]}}