{"id":2415,"date":"2014-12-04T15:09:00","date_gmt":"2014-12-04T15:09:00","guid":{"rendered":"http:\/\/172.16.0.7\/site-antigo\/?p=2415"},"modified":"2024-10-08T09:09:39","modified_gmt":"2024-10-08T12:09:39","slug":"cmdca-cancela-lancamento-de-cartilha-sobre-a-destinacao-do-ir-para-projetos-sociais","status":"publish","type":"post","link":"http:\/\/www.apucarana.pr.gov.br\/site\/cmdca-cancela-lancamento-de-cartilha-sobre-a-destinacao-do-ir-para-projetos-sociais\/","title":{"rendered":"CMDCA cancela lan\u00e7amento de cartilha sobre a destina\u00e7\u00e3o do IR para projetos sociais"},"content":{"rendered":"<p><div><span style=\"line-height: 1.5em; letter-spacing: -0.02em; background-color: initial;\">O Conselho Municipal dos Direitos da Crian\u00e7a e do Adolescente de Apucarana (CMDCA) avisa que est\u00e1 cancelado o lan\u00e7amento oficial de uma cartilha explicativa sobre dedu\u00e7\u00e3o do Imposto de Renda (IR) para projetos sociais voltados ao atendimento da crian\u00e7a e do adolescente na cidade. O evento aconteceria hoje (quinta-feira &#8211; 04\/12), \u00e0s 19 horas, no Hotel Doral.<br \/><\/span><span style=\"line-height: 1.5em; letter-spacing: -0.02em; background-color: initial;\"><br \/>&#8220;Uma nova data ser\u00e1 agendada e amplamente divulgada&#8221;, informa Caio Augusto Salinet, presidente do CMDCA.<br \/><\/span><span style=\"line-height: 1.5em; letter-spacing: -0.02em; background-color: initial;\"><br \/>De acordo com a Lei Federal n\u00ba 8069\/90, parte do Imposto de Renda das pessoas f\u00edsicas e jur\u00eddicas pode ser destinada a projetos, atrav\u00e9s de doa\u00e7\u00f5es ao Fundo Municipal dos Direitos.<br \/><\/span><span style=\"line-height: 1.5em; letter-spacing: -0.02em; background-color: initial;\"><br \/>Os projetos a serem financiados j\u00e1 foram aprovados pelo Conselho Municipal dos Direitos da Crian\u00e7a e do Adolescente conforme edital 001\/2014, e poder\u00e3o ser acessados atrav\u00e9s do site http:\/\/www.cmdcaapucarana.info. Mais informa\u00e7\u00f5es podem ser obtidas pelo 3425-1511.<\/span><\/div>\n<p><\/p>\n","protected":false},"excerpt":{"rendered":"<p>&quot;Uma nova data ser&aacute; agendada e amplamente divulgada&quot;, informa Caio Augusto Salinet, presidente do CMDCA. <\/p>\n","protected":false},"author":4,"featured_media":0,"comment_status":"closed","ping_status":"closed","sticky":false,"template":"","format":"standard","meta":{"footnotes":""},"categories":[24],"tags":[],"class_list":["post-2415","post","type-post","status-publish","format-standard","hentry","category-noticias"],"acf":[],"_links":{"self":[{"href":"http:\/\/www.apucarana.pr.gov.br\/site\/wp-json\/wp\/v2\/posts\/2415","targetHints":{"allow":["GET"]}}],"collection":[{"href":"http:\/\/www.apucarana.pr.gov.br\/site\/wp-json\/wp\/v2\/posts"}],"about":[{"href":"http:\/\/www.apucarana.pr.gov.br\/site\/wp-json\/wp\/v2\/types\/post"}],"author":[{"embeddable":true,"href":"http:\/\/www.apucarana.pr.gov.br\/site\/wp-json\/wp\/v2\/users\/4"}],"replies":[{"embeddable":true,"href":"http:\/\/www.apucarana.pr.gov.br\/site\/wp-json\/wp\/v2\/comments?post=2415"}],"version-history":[{"count":1,"href":"http:\/\/www.apucarana.pr.gov.br\/site\/wp-json\/wp\/v2\/posts\/2415\/revisions"}],"predecessor-version":[{"id":104465,"href":"http:\/\/www.apucarana.pr.gov.br\/site\/wp-json\/wp\/v2\/posts\/2415\/revisions\/104465"}],"wp:attachment":[{"href":"http:\/\/www.apucarana.pr.gov.br\/site\/wp-json\/wp\/v2\/media?parent=2415"}],"wp:term":[{"taxonomy":"category","embeddable":true,"href":"http:\/\/www.apucarana.pr.gov.br\/site\/wp-json\/wp\/v2\/categories?post=2415"},{"taxonomy":"post_tag","embeddable":true,"href":"http:\/\/www.apucarana.pr.gov.br\/site\/wp-json\/wp\/v2\/tags?post=2415"}],"curies":[{"name":"wp","href":"https:\/\/api.w.org\/{rel}","templated":true}]}}