{"id":2414,"date":"2014-12-04T13:23:00","date_gmt":"2014-12-04T13:23:00","guid":{"rendered":"http:\/\/172.16.0.7\/site-antigo\/?p=2414"},"modified":"2024-10-08T09:09:39","modified_gmt":"2024-10-08T12:09:39","slug":"espetaculo-natal-brasileiro-lota-o-cine-teatro-fenix","status":"publish","type":"post","link":"http:\/\/www.apucarana.pr.gov.br\/site\/espetaculo-natal-brasileiro-lota-o-cine-teatro-fenix\/","title":{"rendered":"Espet\u00e1culo &#8220;Natal Brasileiro&#8221; lota o Cine Teatro F\u00eanix"},"content":{"rendered":"<p><p>Mais de 200 alunos dos Centros Municipais de Educa\u00e7\u00e3o Infantil (CMEIs) de Apucarana abriram, na noite de ontem (03\/04), as apresenta\u00e7\u00f5es natalinas e de final de ano da rede municipal de ensino.<\/p>\n<p>O Cine Teatro F\u00eanix ficou lotado com os familiares das crian\u00e7as, que se reuniram para assistir o espet\u00e1culo de dan\u00e7a e arte teatral &ldquo;Natal Brasileiro&rdquo; &ndash; uma releitura da verdadeira hist\u00f3ria do nascimento de Jesus que se passa na cidade de Bel\u00e9m do Par\u00e1. <\/p>\n<p>A encena\u00e7\u00e3o envolveu os alunos da Educa\u00e7\u00e3o Infantil de dez CMEIs: Ana Luiz\u00e3o Festi (Distrito de Pirap\u00f3), Benedito Leugi (N\u00facleo Jo\u00e3o Paulo), Cosap (Centro), Domingos Mareze (N\u00facleo Adriano Correa), Geralda Bormaita (Jardim Colonial), Irm\u00e3 Dulce (Parque Bigua\u00e7u), Izabel Holak (N\u00facleo Dom Romeu Alberti), Jandira Scarpelini (Jardim Ponta Grossa), Jonas Pires (Residencial Garcia) e Ol\u00edvio Fernandes (N\u00facleo Tancredo Neves). <\/p>\n<p>Para protagonizarem o show de ontem, as crian\u00e7as foram ensaiadas durante 3 meses nas aulas da oficina de Express\u00e3o Corporal, que \u00e9 ofertada pela Autarquia Municipal de Educa\u00e7\u00e3o, em parceria com o Centro da Juventude Alex Mazaron e a academia de dan\u00e7a Oficina do Corpo, em todas as unidades escolares de sua rede.<\/p>\n<p>A programa\u00e7\u00e3o de final de ano da Educa\u00e7\u00e3o segue at\u00e9 dia 17 de dezembro e tamb\u00e9m conta com o apoio da Funda\u00e7\u00e3o Cultural de Apucarana. Na noite de hoje (04\/12), ser\u00e1 a vez dos alunos dos CMEIs Josa Ribeiro (Vila S\u00e3o Carlos), Jos\u00e9 Ign\u00e1cio Neto (N\u00facleo Michel Soni), Lu\u00eds An\u00edbal Matiuzzi (Parigot de Souza), Maria de Nazar\u00e9 (Castelo Branco), Miguel Moreno (Vila Reis), Serafim Colombo (Jardim Figueira), Sonhos de Esperan\u00e7a (Parque Bela Vista), Sol Nascente (Vila Salete), Um lugar ao Sol (Jardim Mon\u00e7\u00f5es) e Vila Nova (Vila Nova) apresentarem a pe\u00e7a &ldquo;O verdadeiro Natal&rdquo;.<\/p>\n<p> O espet\u00e1culo ser\u00e1 novamente no Cine Teatro F\u00eanix, a partir das 19h30. Toda a comunidade \u00e9 convidada a prestigiar.<\/p>\n","protected":false},"excerpt":{"rendered":"<p>Para protagonizarem o show, os alunos ensaiaram por 3 meses, nas aulas de Express&atilde;o Corporal ofertadas pela AME em todas as suas unidades escolares. <\/p>\n","protected":false},"author":4,"featured_media":0,"comment_status":"closed","ping_status":"closed","sticky":false,"template":"","format":"standard","meta":{"footnotes":""},"categories":[24],"tags":[],"class_list":["post-2414","post","type-post","status-publish","format-standard","hentry","category-noticias"],"acf":[],"_links":{"self":[{"href":"http:\/\/www.apucarana.pr.gov.br\/site\/wp-json\/wp\/v2\/posts\/2414","targetHints":{"allow":["GET"]}}],"collection":[{"href":"http:\/\/www.apucarana.pr.gov.br\/site\/wp-json\/wp\/v2\/posts"}],"about":[{"href":"http:\/\/www.apucarana.pr.gov.br\/site\/wp-json\/wp\/v2\/types\/post"}],"author":[{"embeddable":true,"href":"http:\/\/www.apucarana.pr.gov.br\/site\/wp-json\/wp\/v2\/users\/4"}],"replies":[{"embeddable":true,"href":"http:\/\/www.apucarana.pr.gov.br\/site\/wp-json\/wp\/v2\/comments?post=2414"}],"version-history":[{"count":1,"href":"http:\/\/www.apucarana.pr.gov.br\/site\/wp-json\/wp\/v2\/posts\/2414\/revisions"}],"predecessor-version":[{"id":104466,"href":"http:\/\/www.apucarana.pr.gov.br\/site\/wp-json\/wp\/v2\/posts\/2414\/revisions\/104466"}],"wp:attachment":[{"href":"http:\/\/www.apucarana.pr.gov.br\/site\/wp-json\/wp\/v2\/media?parent=2414"}],"wp:term":[{"taxonomy":"category","embeddable":true,"href":"http:\/\/www.apucarana.pr.gov.br\/site\/wp-json\/wp\/v2\/categories?post=2414"},{"taxonomy":"post_tag","embeddable":true,"href":"http:\/\/www.apucarana.pr.gov.br\/site\/wp-json\/wp\/v2\/tags?post=2414"}],"curies":[{"name":"wp","href":"https:\/\/api.w.org\/{rel}","templated":true}]}}