{"id":2412,"date":"2014-12-04T11:01:00","date_gmt":"2014-12-04T11:01:00","guid":{"rendered":"http:\/\/172.16.0.7\/site-antigo\/?p=2412"},"modified":"2024-10-08T09:09:39","modified_gmt":"2024-10-08T12:09:39","slug":"espaco-da-mulher-sera-inaugurado-nesta-segunda-feira","status":"publish","type":"post","link":"http:\/\/www.apucarana.pr.gov.br\/site\/espaco-da-mulher-sera-inaugurado-nesta-segunda-feira\/","title":{"rendered":"Espa\u00e7o da Mulher ser\u00e1 inaugurado nesta segunda-feira"},"content":{"rendered":"<\/p>\n<p><span style=\"letter-spacing: -0.02em; line-height: 1.45em; background-color: initial;\"><\/span><\/p>\n<p>O prefeito de Apucarana, Beto Preto, e a secret\u00e1ria municipal da Mulher e Assuntos da Fam\u00edlia, Denise Canesin Mois\u00e9s Machado, v\u00e3o inaugurar nesta segunda-feira (08\/12) o Espa\u00e7o da Mulher. O evento acontecer\u00e1 \u00e0s 18h30, na Rua Dr. Oswaldo Cruz, n&deg; 432, no centro de Apucarana. O Espa\u00e7o da Mulher vai acolher os empreendimentos econ&ocirc;micos solid\u00e1rios, constitu\u00eddos a partir do Projeto de Economia Solid\u00e1ria e Protagonismo Feminino de Apucarana. <\/p>\n<p>O programa est\u00e1 em expans\u00e3o em Apucarana e aberto para a participa\u00e7\u00e3o de mais mulheres. Os empreendimentos solid\u00e1rios em andamento envolvem a produ\u00e7\u00e3o de p\u00e3es, roscas e bolachas, artesanato, produtos de higiene e limpeza, bombons, bonecas, confec\u00e7\u00e3o, tric&ocirc; e croch\u00ea, bolsas, chinelos, orqu\u00eddeas, entre outros. &ldquo;Esta \u00e9 uma a\u00e7\u00e3o que vem dando muitos resultados positivos, transformando positivamente a vida de muitas jovens, m\u00e3es de fam\u00edlia, senhoras e que vamos fortalecer ainda mais a partir deste espa\u00e7o refer\u00eancia&rdquo;, afirma o prefeito Beto Preto.<\/p>\n<p>De acordo com Denise Canesin Machado, secret\u00e1ria municipal da Mulher e Assuntos da Fam\u00edlia, o projeto conta com a participa\u00e7\u00e3o de consultores especializados do Grupo Colmeia e atualmente envolve dezenas de mulheres das \u00e1reas urbana e rural. &ldquo;Os principais objetivos do projeto s\u00e3o a gera\u00e7\u00e3o de renda, autonomia financeira e o empoderamento da mulher&rdquo;, frisa Denise.<\/p>\n<p>Terezinha Elizabete Berton Pereira (Bete Berton), supervisora do Programa de Economia Solid\u00e1ria e Protagonismo Feminino, lembra que, antes da defini\u00e7\u00e3o do formato do espa\u00e7o, uma comitiva de Apucarana conheceu, no m\u00eas de julho, o Centro P\u00fablico de Comercializa\u00e7\u00e3o da Economia Solid\u00e1ria de Londrina. &ldquo;Realizamos tamb\u00e9m a capacita\u00e7\u00e3o dos grupos, o 1\u00ba Encontro de Economia Solid\u00e1ria e oportunizamos a participa\u00e7\u00e3o em v\u00e1rias feiras locais&rdquo;, cita Bete Berton. <\/p>\n<p>A rede de economia solid\u00e1ria est\u00e1 sendo ampliada e existem grupos funcionando em diversos bairros, como Vila Reis, Vila Nova, Jardim Am\u00e9rica e N\u00facleo Habitacional Afonso Camargo, entre outros. &ldquo;A ess\u00eancia do projeto \u00e9 a gera\u00e7\u00e3o de renda atrav\u00e9s do processo coletivo de produ\u00e7\u00e3o. Agora os empreendimentos solid\u00e1rios contar\u00e3o com um local espec\u00edfico para a comercializa\u00e7\u00e3o dos produtos e tamb\u00e9m para a realiza\u00e7\u00e3o de oficinas de sensibiliza\u00e7\u00e3o e capacita\u00e7\u00e3o&rdquo;, destaca Bete Berton.<\/p>\n<\/p>\n<p><\/p>\n","protected":false},"excerpt":{"rendered":"<p>O evento acontecer&aacute; &agrave;s 18h30, na Rua Oswaldo Cruz, onde funcionar&aacute; o centro de comercializa&ccedil;&atilde;o da Economia Solid&aacute;ria<\/p>\n","protected":false},"author":4,"featured_media":0,"comment_status":"closed","ping_status":"closed","sticky":false,"template":"","format":"standard","meta":{"footnotes":""},"categories":[24],"tags":[],"class_list":["post-2412","post","type-post","status-publish","format-standard","hentry","category-noticias"],"acf":[],"_links":{"self":[{"href":"http:\/\/www.apucarana.pr.gov.br\/site\/wp-json\/wp\/v2\/posts\/2412","targetHints":{"allow":["GET"]}}],"collection":[{"href":"http:\/\/www.apucarana.pr.gov.br\/site\/wp-json\/wp\/v2\/posts"}],"about":[{"href":"http:\/\/www.apucarana.pr.gov.br\/site\/wp-json\/wp\/v2\/types\/post"}],"author":[{"embeddable":true,"href":"http:\/\/www.apucarana.pr.gov.br\/site\/wp-json\/wp\/v2\/users\/4"}],"replies":[{"embeddable":true,"href":"http:\/\/www.apucarana.pr.gov.br\/site\/wp-json\/wp\/v2\/comments?post=2412"}],"version-history":[{"count":1,"href":"http:\/\/www.apucarana.pr.gov.br\/site\/wp-json\/wp\/v2\/posts\/2412\/revisions"}],"predecessor-version":[{"id":104468,"href":"http:\/\/www.apucarana.pr.gov.br\/site\/wp-json\/wp\/v2\/posts\/2412\/revisions\/104468"}],"wp:attachment":[{"href":"http:\/\/www.apucarana.pr.gov.br\/site\/wp-json\/wp\/v2\/media?parent=2412"}],"wp:term":[{"taxonomy":"category","embeddable":true,"href":"http:\/\/www.apucarana.pr.gov.br\/site\/wp-json\/wp\/v2\/categories?post=2412"},{"taxonomy":"post_tag","embeddable":true,"href":"http:\/\/www.apucarana.pr.gov.br\/site\/wp-json\/wp\/v2\/tags?post=2412"}],"curies":[{"name":"wp","href":"https:\/\/api.w.org\/{rel}","templated":true}]}}