{"id":2410,"date":"2014-12-03T15:56:59","date_gmt":"2014-12-03T15:56:59","guid":{"rendered":"http:\/\/172.16.0.7\/site-antigo\/?p=2410"},"modified":"2024-10-08T09:09:39","modified_gmt":"2024-10-08T12:09:39","slug":"espetaculo-natal-brasileiro-inicia-a-programacao-de-final-de-ano-da-educacao","status":"publish","type":"post","link":"http:\/\/www.apucarana.pr.gov.br\/site\/espetaculo-natal-brasileiro-inicia-a-programacao-de-final-de-ano-da-educacao\/","title":{"rendered":"Espet\u00e1culo &#8220;Natal Brasileiro&#8221; inicia a programa\u00e7\u00e3o de final de ano da educa\u00e7\u00e3o"},"content":{"rendered":"<\/p>\n<p>Com a aproxima\u00e7\u00e3o do final do ano, os alunos da rede municipal de ensino prepararam um grande presente natalino para Apucarana. A partir de hoje (03\/12) e pelas pr\u00f3ximas duas semanas, eles ir\u00e3o protagonizar mais de uma dezena de apresenta\u00e7\u00f5es art\u00edsticas e culturais nos espa\u00e7os p\u00fablicos da cidade.<\/p>\n<p>Entre as principais atra\u00e7\u00f5es est\u00e3o espet\u00e1culos dan\u00e7a e express\u00e3o corporal, apresenta\u00e7\u00f5es musicais e at\u00e9 uma cantata de Natal. Os mais de 10 mil alunos envolvidos foram ensaiados durante 3 meses nas oficinas ofertadas pela educa\u00e7\u00e3o.<\/p>\n<p>A programa\u00e7\u00e3o \u00e9 uma realiza\u00e7\u00e3o da Autarquia Municipal de Educa\u00e7\u00e3o (AME), em parceria com o Centro da Juventude Alex Mazaron, a Funda\u00e7\u00e3o Cultural de Apucarana, a academia de dan\u00e7a Oficina do Corpo e a academia de m\u00fasica Johann Sebastian Bach.<\/p>\n<p>De acordo com a diretora-presidente da AME, professora Marli Regina Fernandes da Silva, os eventos s\u00e3o uma forma singela de prestar contas \u00e0 comunidade. &ldquo;Convidamos \u00e0 popula\u00e7\u00e3o a prestigiar as apresenta\u00e7\u00f5es e a conhecer um pouco mais do trabalho realizado, durante o ano inteiro, nas escolas e CMEIs, por meio dos projetos curriculares da rede municipal de ensino&rdquo;, disse.<\/p>\n<p>Abrindo o calend\u00e1rio, os alunos dos Centros Municipais de Educa\u00e7\u00e3o Infantil (CMEIs) Ana Luiz\u00e3o Festi, Benedito Leugi, Cosap, Domingos Mareze, Geralda Bormaita, Irm\u00e3 Dulce, Izabel Holak, Jandira Scarpelini, Jonas Pires e Ol\u00edvio Fernandes apresentam hoje (03\/12) o espet\u00e1culo de dan\u00e7a e arte teatral &ldquo;Natal Brasileiro&rdquo;.<\/p>\n<p>&ldquo;Natal Brasileiro&rdquo; \u00e9 uma releitura da verdadeira hist\u00f3ria do natal, em que o menino Jesus nasce na cidade de Bel\u00e9m do Par\u00e1. A apresenta\u00e7\u00e3o ser\u00e1 no Cine Teatro F\u00eanix, a partir das 19h30min.<\/p>\n<p>Confira a programa\u00e7\u00e3o completa:<\/p>\n<p>&#8211; 03\/12 &ndash; Espet\u00e1culo de dan\u00e7a &ldquo;Natal Brasileiro&rdquo;, protagonizado por alunos dos CMEIs, no Cine Teatro F\u00eanix, a partir das 19h30.<\/p>\n<p>&#8211; 04\/12 &ndash; Espet\u00e1culo de dan\u00e7a &ldquo;O verdadeiro Natal&rdquo;, protagonizado por alunos dos CMEIs, no Cine Teatro F\u00eanix, a partir das 19h30.<\/p>\n<p>&#8211; 09\/12 &ndash; Espet\u00e1culo de dan\u00e7a &ldquo;Volta ao mundo em busca do nariz m\u00e1gico&rdquo;, protagonizado por estudantes das escolas municipais, no Cine Teatro F\u00eanix, a partir das 19h30.<\/p>\n<p>&#8211; 10\/12 &ndash; Espet\u00e1culo de dan\u00e7a &ldquo;Palco das Ilus\u00f5es&rdquo;, protagonizado por estudantes das escolas municipais, no Cine Teatro F\u00eanix, a partir das 19h30.<\/p>\n<p>&#8211; 11\/12 &ndash; Apresenta\u00e7\u00e3o de m\u00fasica e express\u00e3o corporal das escolas municipais, no Plat&ocirc; da Pra\u00e7a Rui Barbosa, a partir das 20h30.<\/p>\n<p>-12\/12 &ndash; Cantata de Natal das escolas municipais, na Pra\u00e7a Rui Barbosa, no pr\u00e9dio do Polo da Universidade Aberta do Brasil (UAB), a partir das 20h30.<\/p>\n<p>&#8211; 13\/12 &ndash; Apresenta\u00e7\u00e3o de m\u00fasica dos alunos dos CMEIs, na concha ac\u00fastica da Pra\u00e7a 28 de Janeiro, a partir das 17h30.<\/p>\n<p>&#8211; 14\/12 &ndash; Apresenta\u00e7\u00e3o de m\u00fasica das escolas municipais, no plat&ocirc; da Pra\u00e7a Rui Barbosa, a partir das 20h30.<\/p>\n<p>&#8211; 14\/12 &ndash; Espet\u00e1culo de dan\u00e7a &ldquo;Picadeiro da Alegria&rdquo;, protagonizado por alunos das escolas municipais, no Cine Teatro F\u00eanix, a partir das 19h30. <\/p>\n<p>&#8211; 16\/12 &ndash; Apresenta\u00e7\u00e3o de m\u00fasica e express\u00e3o corporal das escolas municipais, no plat&ocirc; da Pra\u00e7a Rui Barbosa, a partir das 20h30.<\/p>\n<p>&#8211; 17\/12 &#8211; Apresenta\u00e7\u00e3o de m\u00fasica e express\u00e3o corporal das escolas municipais, no plat&ocirc; da Pra\u00e7a Rui Barbosa, a partir das 20h30.<\/p>\n<p><\/p>\n","protected":false},"excerpt":{"rendered":"<p>A partir de hoje (03\/12), os alunos da rede municipal v&atilde;o protagonizar mais de uma dezena de apresenta&ccedil;&otilde;es art&iacute;sticas e culturais nos espa&ccedil;os p&uacute;blicos da cidade. <\/p>\n","protected":false},"author":4,"featured_media":0,"comment_status":"closed","ping_status":"closed","sticky":false,"template":"","format":"standard","meta":{"footnotes":""},"categories":[24],"tags":[],"class_list":["post-2410","post","type-post","status-publish","format-standard","hentry","category-noticias"],"acf":[],"_links":{"self":[{"href":"http:\/\/www.apucarana.pr.gov.br\/site\/wp-json\/wp\/v2\/posts\/2410","targetHints":{"allow":["GET"]}}],"collection":[{"href":"http:\/\/www.apucarana.pr.gov.br\/site\/wp-json\/wp\/v2\/posts"}],"about":[{"href":"http:\/\/www.apucarana.pr.gov.br\/site\/wp-json\/wp\/v2\/types\/post"}],"author":[{"embeddable":true,"href":"http:\/\/www.apucarana.pr.gov.br\/site\/wp-json\/wp\/v2\/users\/4"}],"replies":[{"embeddable":true,"href":"http:\/\/www.apucarana.pr.gov.br\/site\/wp-json\/wp\/v2\/comments?post=2410"}],"version-history":[{"count":1,"href":"http:\/\/www.apucarana.pr.gov.br\/site\/wp-json\/wp\/v2\/posts\/2410\/revisions"}],"predecessor-version":[{"id":104470,"href":"http:\/\/www.apucarana.pr.gov.br\/site\/wp-json\/wp\/v2\/posts\/2410\/revisions\/104470"}],"wp:attachment":[{"href":"http:\/\/www.apucarana.pr.gov.br\/site\/wp-json\/wp\/v2\/media?parent=2410"}],"wp:term":[{"taxonomy":"category","embeddable":true,"href":"http:\/\/www.apucarana.pr.gov.br\/site\/wp-json\/wp\/v2\/categories?post=2410"},{"taxonomy":"post_tag","embeddable":true,"href":"http:\/\/www.apucarana.pr.gov.br\/site\/wp-json\/wp\/v2\/tags?post=2410"}],"curies":[{"name":"wp","href":"https:\/\/api.w.org\/{rel}","templated":true}]}}