{"id":2409,"date":"2014-12-03T15:51:59","date_gmt":"2014-12-03T15:51:59","guid":{"rendered":"http:\/\/172.16.0.7\/site-antigo\/?p=2409"},"modified":"2024-10-08T09:09:40","modified_gmt":"2024-10-08T12:09:40","slug":"prefeitura-avanca-com-pavimentacao-do-jardim-milani","status":"publish","type":"post","link":"http:\/\/www.apucarana.pr.gov.br\/site\/prefeitura-avanca-com-pavimentacao-do-jardim-milani\/","title":{"rendered":"Prefeitura avan\u00e7a com pavimenta\u00e7\u00e3o do Jardim Milani"},"content":{"rendered":"<\/p>\n<p><span style=\"letter-spacing: -0.02em; line-height: 1.45em; background-color: initial;\">Nos \u00faltimos dois anos, moradores de 10 bairros de Apucarana est\u00e3o deixando de conviver com o cen\u00e1rio da poeira, em dias secos, e da lama em dias chuvosos gra\u00e7as a investimentos da prefeitura em pavimenta\u00e7\u00e3o. Um exemplo \u00e9 o Jardim Milani, cuja espera de 34 anos por asfalto est\u00e1 pr\u00f3xima de fazer parte do passado. Ap\u00f3s a autoriza\u00e7\u00e3o para o in\u00edcio das obras, concedida em agosto pelo prefeito Beto Preto (PT), a empreiteira vencedora da licita\u00e7\u00e3o, Tapalam Constru\u00e7\u00f5es e Empreendimentos Ltda., j\u00e1 executou o servi\u00e7o de drenagem, com a implanta\u00e7\u00e3o da rede de galeria pluvial, constru\u00e7\u00e3o de meios-fios e, nesta semana, avan\u00e7a com os trabalhos de asfaltamento em uma \u00e1rea de 7 mil metros quadrados.<br \/><\/span><span style=\"letter-spacing: -0.02em; line-height: 1.45em; background-color: initial;\"><br \/>O prefeito Beto Preto lembra que a obra \u00e9 mais uma a\u00e7\u00e3o concreta tendo como ponto de partida compromisso assumido com a popula\u00e7\u00e3o. &ldquo;Temos aqui mais uma prova do que o poder p\u00fablico municipal \u00e9 capaz de fazer por uma cidade quando se tem o verdadeiro compromisso com o povo. Infelizmente, outros gestores n\u00e3o encararam problemas como deste bairro como prioridade. Mas agora \u00e9 hora de comemorar. Os dias melhores chegaram e as fam\u00edlias hoje v\u00e3o poder passar o Natal e as festas de fim de ano com o asfalto novo. Parab\u00e9ns a todos pela conquista&rdquo;, destacou o prefeito.<br \/><\/span><span style=\"letter-spacing: -0.02em; line-height: 1.45em; background-color: initial;\"><br \/>O secret\u00e1rio de Obras, Herivelto Moreno, explica que o servi\u00e7o absorve investimentos, com recursos pr\u00f3prios do munic\u00edpio, na ordem de R$560 mil e atendem a sete quadras. &ldquo;O material \u00e9 de qualidade, o que garante uma vida \u00fatil maior ao pavimento, sendo base de 15 cent\u00edmetros em brita graduada e camada de tr\u00eas cent\u00edmetros de CBUQ (Concreto Betuminoso Usinado a Quente)&rdquo;, informa Moreno. As ruas atendidas pelo pacote de obras s\u00e3o: S\u00e3o Jer&ocirc;nimo Milano de Freitas &#8211; trecho entre as ruas Honorato Rossi e Mario Giublin; Rua Valdivo Jos\u00e9 Teixeira &ndash; entre as ruas Honorato Rossi e Mario Giublin; Rua Francisco Coelho Vilela &ndash; toda extens\u00e3o da via; Rua Honorato Rossi &ndash; entre a Jer&ocirc;nimo Milano de Freitas e Francisco Coelho Vilela; e Rua Mario Giublin &#8211; entre a Jer&ocirc;nimo Milano de Freitas e Francisco Coelho Vilela.<br \/><\/span><span style=\"letter-spacing: -0.02em; line-height: 1.45em; background-color: initial;\"><br \/>A moradora Aparecida de F\u00e1tima Cal\u00e7ado destaca que toda a comunidade est\u00e1 contente com a benfeitoria viabilizada pela prefeitura. &ldquo;H\u00e1 muitos anos a gente vinha sofrendo com barro, buraco na rua. Quando eu entrei morar aqui fiquei at\u00e9 em depress\u00e3o de tanto sofrimento, por que onde eu morava tinha asfalto. Ent\u00e3o agora com a chegada do pavimento estamos bem felizes. At\u00e9 que enfim encontramos um prefeito que olhou por n\u00f3s.<br \/><\/span><span style=\"letter-spacing: -0.02em; line-height: 1.45em; background-color: initial;\"><br \/>Outra moradora do Jardim Milani, Odila Gomes, diz que para ela a espera foi de 33 anos. &ldquo;Na outra gest\u00e3o n\u00f3s reivindicamos muito por esta obra. Fizemos abaixo-assinado, foi feita reuni\u00e3o com o prefeito da \u00e9poca, mas na hora de assinar o papel mesmo ele pulou para tr\u00e1s. Gra\u00e7as a Deus, com uma atitude diferente do atual prefeito, a poeira e o barro agora v\u00e3o ficar s\u00f3 na lembran\u00e7a&rdquo;, comemorou.<\/span><\/p>\n<p><\/p>\n","protected":false},"excerpt":{"rendered":"<p>O prefeito Beto Preto lembra que a obra &eacute; mais uma a&ccedil;&atilde;o concreta tendo como ponto de partida compromisso assumido com a popula&ccedil;&atilde;o<\/p>\n","protected":false},"author":4,"featured_media":0,"comment_status":"closed","ping_status":"closed","sticky":false,"template":"","format":"standard","meta":{"footnotes":""},"categories":[24],"tags":[],"class_list":["post-2409","post","type-post","status-publish","format-standard","hentry","category-noticias"],"acf":[],"_links":{"self":[{"href":"http:\/\/www.apucarana.pr.gov.br\/site\/wp-json\/wp\/v2\/posts\/2409","targetHints":{"allow":["GET"]}}],"collection":[{"href":"http:\/\/www.apucarana.pr.gov.br\/site\/wp-json\/wp\/v2\/posts"}],"about":[{"href":"http:\/\/www.apucarana.pr.gov.br\/site\/wp-json\/wp\/v2\/types\/post"}],"author":[{"embeddable":true,"href":"http:\/\/www.apucarana.pr.gov.br\/site\/wp-json\/wp\/v2\/users\/4"}],"replies":[{"embeddable":true,"href":"http:\/\/www.apucarana.pr.gov.br\/site\/wp-json\/wp\/v2\/comments?post=2409"}],"version-history":[{"count":1,"href":"http:\/\/www.apucarana.pr.gov.br\/site\/wp-json\/wp\/v2\/posts\/2409\/revisions"}],"predecessor-version":[{"id":104471,"href":"http:\/\/www.apucarana.pr.gov.br\/site\/wp-json\/wp\/v2\/posts\/2409\/revisions\/104471"}],"wp:attachment":[{"href":"http:\/\/www.apucarana.pr.gov.br\/site\/wp-json\/wp\/v2\/media?parent=2409"}],"wp:term":[{"taxonomy":"category","embeddable":true,"href":"http:\/\/www.apucarana.pr.gov.br\/site\/wp-json\/wp\/v2\/categories?post=2409"},{"taxonomy":"post_tag","embeddable":true,"href":"http:\/\/www.apucarana.pr.gov.br\/site\/wp-json\/wp\/v2\/tags?post=2409"}],"curies":[{"name":"wp","href":"https:\/\/api.w.org\/{rel}","templated":true}]}}