{"id":2408,"date":"2014-12-03T10:52:00","date_gmt":"2014-12-03T10:52:00","guid":{"rendered":"http:\/\/172.16.0.7\/site-antigo\/?p=2408"},"modified":"2024-10-08T09:09:40","modified_gmt":"2024-10-08T12:09:40","slug":"cultura-divulga-programacao-do-palco-de-natal","status":"publish","type":"post","link":"http:\/\/www.apucarana.pr.gov.br\/site\/cultura-divulga-programacao-do-palco-de-natal\/","title":{"rendered":"Cultura divulga programa\u00e7\u00e3o do &#8220;Palco de Natal&#8221;"},"content":{"rendered":"<\/p>\n<p>A Secretaria Municipal da Promo\u00e7\u00e3o Art\u00edstica, Cultural e Tur\u00edstica divulgou nesta quarta-feira (03\/12) a programa\u00e7\u00e3o do Palco de Natal 2014. No per\u00edodo em que o com\u00e9rcio ficar\u00e1 aberto \u00e0 noite, haver\u00e1 uma s\u00e9rie de atividades para entreter a popula\u00e7\u00e3o. De acordo com a professora Maria Agar Borba Ferreira, secret\u00e1ria da pasta, as apresenta\u00e7\u00f5es ser\u00e3o itinerantes e v\u00e3o acontecer diariamente em v\u00e1rios locais.<\/p>\n<p>Conforme Maria Agar, as atividades culturais come\u00e7am j\u00e1 neste domingo (07\/12), \u00e0s 20h30, quando haver\u00e1 a abertura oficial, juntamente com a chegada do Papai Noel e a carreata da Coca-Cola. &ldquo;O Papai Noel receber\u00e1 as chaves da cidade das m\u00e3os do prefeito e do presidente da Acia, J\u00fanior Serea. Na sequ\u00eancia, teremos um show pirot\u00e9cnico e apresenta\u00e7\u00f5es art\u00edsticas da Escola Municipal de Dan\u00e7a e tamb\u00e9m da Banda Municipal Maestro Jo\u00e3o Florindo da Silva em sua forma\u00e7\u00e3o de Big Band, com repert\u00f3rio com m\u00fasicas natalinas e variadas para animar a noite de domingo&rdquo;, explica Maria Agar. <\/p>\n<p>Segundo Orisvaldo C\u00e9sar, diretor Art\u00edstico e de Projetos da Secretaria Municipal de Promo\u00e7\u00e3o Art\u00edstica, Cultural e Tur\u00edstica, a programa\u00e7\u00e3o do &ldquo;Palco de Natal&rdquo; ter\u00e1 sequ\u00eancia no dia 10 de dezembro, quando o com\u00e9rcio de Apucarana ficar\u00e1 aberto at\u00e9 as 22 horas. <span>&ldquo;As atividades se estender\u00e3o at\u00e9 o dia 19 de dezembro, envolvendo apresenta\u00e7\u00f5es da banda municipal, de alunos das escolas e Centros Municipais de Educa\u00e7\u00e3o Infantil, cantata e auto de natal, entre outras&rdquo;, cita Orisvaldo C\u00e9sar.<\/span><\/p>\n<p>O trenzinho tamb\u00e9m come\u00e7a a circular no dia 10, proporcionando passeios para as crian\u00e7as. Com rela\u00e7\u00e3o \u00e0s feiras, uma reuni\u00e3o intermediada pela Prefeitura de Apucarana, na semana passada, definiu que tanto a Feira do Entardecer, quanto a Feira do Artesanato, ir\u00e3o funcionar das 10 \u00e0s 22 horas em datas espec\u00edficas neste m\u00eas de dezembro.Tradicionais pontos do com\u00e9rcio da gastronomia e de produtos do artesanato local na Pra\u00e7a Rui Barbosa, a primeira vai atender aos consumidores do dia 10 ao dia 13 e do dia 17 ao dia 21. J\u00e1 os artes\u00e3os v\u00e3o comercializar seus produtos, ininterruptamente, do dia 10 ao dia 23 de dezembro, antev\u00e9spera do Natal.<b><\/b><\/p>\n<p><b><u>PROGRAMA&Ccedil;&Atilde;O DO PALCO DE NATAL 2014<\/u><\/b><\/p>\n<\/p>\n<table>\n<tbody>\n<tr>\n<td>\n<p><b>DIA<\/b><\/p>\n<\/td>\n<td>\n<p><b>ATIVIDADE<\/b><\/p>\n<\/td>\n<\/tr>\n<tr>\n<td>\n<p>07\/12   &ndash; 20h30<\/p>\n<\/td>\n<td>\n<p>Chegada   do Papai Noel &ndash; Plat&ocirc; da Pra\u00e7a Rui Barbosa &ndash; Coca Cola &#8211; Apresenta\u00e7\u00e3o da Escola Municipal de   Dan\u00e7a e Banda Municipal de Apucarana &ndash; Big Band <\/p>\n<\/td>\n<\/tr>\n<tr>\n<td>\n<p>10\/12   &#8211; 20h30<\/p>\n<\/td>\n<td>\n<p>Grupo de Dan\u00e7a do Projeto   Adolescer &ndash; Plat&ocirc; da Pra\u00e7a Rui Barbosa<\/p>\n<p>Banda   Municipal &ndash; R. Osvaldo Cruz &ndash; R. Ponta Grossa<\/p>\n<\/td>\n<\/tr>\n<tr>\n<td>\n<p>11\/12   &#8211; 20h30<\/p>\n<\/td>\n<td>\n<p>Coral e grupos de dan\u00e7a das escolas municipais:<\/p>\n<p>Escola   Jos\u00e9 de Alencar\/ Escola Durval Pinto\/ Escola Jo\u00e3o Batista\/ Escola Augusto   Weyand <\/p>\n<\/td>\n<\/tr>\n<tr>\n<td>\n<p>12\/12   &#8211; 20h30<\/p>\n<\/td>\n<td>\n<p>Cantata   de Natal da Escolas Municipais &ndash; Pra\u00e7a Rui Barbosa &ndash; Polo UAB<\/p>\n<\/td>\n<\/tr>\n<tr>\n<td>\n<p>13\/12   &#8211; 17h30<\/p>\n<\/td>\n<td>\n<p>Apresenta\u00e7\u00e3o   dos Centros Municipais de Educa\u00e7\u00e3o Infantil &ndash; Concha Ac\u00fastica da Pra\u00e7a do 28<\/p>\n<\/td>\n<\/tr>\n<tr>\n<td>\n<p>14\/12   &#8211; 20h30<\/p>\n<\/td>\n<td>\n<p>Coral e grupos de dan\u00e7a das escolas municipais:<br \/><span style=\"letter-spacing: -0.02em; background-color: initial;\"><br \/><span style=\"line-height: 1.45em;\">Escola   Vida Nova Caic\/ Escola Marta Pereira\/ Escola Dinarte de Araujo Pereira\/   Escola Papa Jo\u00e3o XXIII<\/span><\/span><\/p>\n<\/td>\n<\/tr>\n<tr>\n<td>\n<p>15\/12 &ndash; 20h30<\/p>\n<\/td>\n<td>\n<p>Auto   de Natal CEEBJA<\/p>\n<\/td>\n<\/tr>\n<tr>\n<td>\n<p>16\/12   &#8211; 20h30<\/p>\n<\/td>\n<td>\n<p>Coral e grupos de dan\u00e7a das escolas municipais:<\/p>\n<p>Escola   Karel Kober\/Escola Gabriel de Lara\/ Escola Luis Carlos Prestes<\/p>\n<p>Escola   Juiz Luis Fernando\/ Escola Pe. Antonio Vieira\/ Escola Edson Giacomini\/ Escola   Presidente M\u00e9dice\/ Escola Antonieta Lautenschlager <\/p>\n<p>Banda   Municipal Av Curitiba \/ Cascata<\/p>\n<\/td>\n<\/tr>\n<tr>\n<td>\n<p>17\/12   &#8211; 20h30<\/p>\n<\/td>\n<td>\n<p>Coral e grupos de dan\u00e7a das escolas municipais:<\/p>\n<p>Escola   Dr. Joaquim Vicente de Castro\/ Escola Idalice Moreira Prates<\/p>\n<p>Escola   Jos\u00e9 Brazil Camargo\/ Escola Jos\u00e9 Ramos\/ Escola Alcides Ramos<\/p>\n<\/td>\n<\/tr>\n<tr>\n<td>\n<p>18\/12   &#8211; 20h30<\/p>\n<\/td>\n<td>\n<p>Centro   da Juventude de Apucarana<\/p>\n<p>Banda   Municipal &ndash; Pra\u00e7a Interventor Manoel Ribas<\/p>\n<\/td>\n<\/tr>\n<tr>\n<td>\n<p>19\/12- 20h30<\/p>\n<\/td>\n<td>\n<p>Grupo Musical Amigos em Can\u00e7\u00e3o &ndash; Academia Sebastian Bach<\/p>\n<\/td>\n<\/tr>\n<\/tbody>\n<\/table>\n<p><\/p>\n","protected":false},"excerpt":{"rendered":"<p>No per&iacute;odo em que o com&eacute;rcio ficar&aacute; aberto, &agrave; noite, haver&aacute; apresenta&ccedil;&otilde;es diariamente <\/p>\n","protected":false},"author":4,"featured_media":0,"comment_status":"closed","ping_status":"closed","sticky":false,"template":"","format":"standard","meta":{"footnotes":""},"categories":[24],"tags":[],"class_list":["post-2408","post","type-post","status-publish","format-standard","hentry","category-noticias"],"acf":[],"_links":{"self":[{"href":"http:\/\/www.apucarana.pr.gov.br\/site\/wp-json\/wp\/v2\/posts\/2408","targetHints":{"allow":["GET"]}}],"collection":[{"href":"http:\/\/www.apucarana.pr.gov.br\/site\/wp-json\/wp\/v2\/posts"}],"about":[{"href":"http:\/\/www.apucarana.pr.gov.br\/site\/wp-json\/wp\/v2\/types\/post"}],"author":[{"embeddable":true,"href":"http:\/\/www.apucarana.pr.gov.br\/site\/wp-json\/wp\/v2\/users\/4"}],"replies":[{"embeddable":true,"href":"http:\/\/www.apucarana.pr.gov.br\/site\/wp-json\/wp\/v2\/comments?post=2408"}],"version-history":[{"count":1,"href":"http:\/\/www.apucarana.pr.gov.br\/site\/wp-json\/wp\/v2\/posts\/2408\/revisions"}],"predecessor-version":[{"id":104472,"href":"http:\/\/www.apucarana.pr.gov.br\/site\/wp-json\/wp\/v2\/posts\/2408\/revisions\/104472"}],"wp:attachment":[{"href":"http:\/\/www.apucarana.pr.gov.br\/site\/wp-json\/wp\/v2\/media?parent=2408"}],"wp:term":[{"taxonomy":"category","embeddable":true,"href":"http:\/\/www.apucarana.pr.gov.br\/site\/wp-json\/wp\/v2\/categories?post=2408"},{"taxonomy":"post_tag","embeddable":true,"href":"http:\/\/www.apucarana.pr.gov.br\/site\/wp-json\/wp\/v2\/tags?post=2408"}],"curies":[{"name":"wp","href":"https:\/\/api.w.org\/{rel}","templated":true}]}}