{"id":2405,"date":"2014-12-02T16:23:59","date_gmt":"2014-12-02T16:23:59","guid":{"rendered":"http:\/\/172.16.0.7\/site-antigo\/?p=2405"},"modified":"2024-10-08T09:09:40","modified_gmt":"2024-10-08T12:09:40","slug":"apucarana-ja-respira-o-clima-do-natal","status":"publish","type":"post","link":"http:\/\/www.apucarana.pr.gov.br\/site\/apucarana-ja-respira-o-clima-do-natal\/","title":{"rendered":"Apucarana j\u00e1 respira o clima do Natal"},"content":{"rendered":"<p><p><span style=\"letter-spacing: -0.02em; line-height: 1.45em; background-color: initial;\">Quem passou pelo centro de Apucarana nesta ter\u00e7a-feira (02\/12) percebeu a presen\u00e7a de v\u00e1rias equipes da prefeitura, que intensificaram os trabalhos para deixar tudo em ordem para a recep\u00e7\u00e3o do bom velhinho Papai Noel, que chega \u00e0 cidade neste domingo (07\/12), \u00e0s 20h30, na Pra\u00e7a Rui Barbosa. Uma for\u00e7a-tarefa est\u00e1 finalizando a instala\u00e7\u00e3o da Casa do Noel, que vai contar com pres\u00e9pio, \u00e1rvore de Natal, bota do Papai Noel, Papai Noel gigante, entre outras atra\u00e7\u00f5es. <\/p>\n<p>&ldquo;Tamb\u00e9m estamos renovando a sinaliza\u00e7\u00e3o vi\u00e1ria, executando a instala\u00e7\u00e3o da ilumina\u00e7\u00e3o natalina e limpeza geral das vias p\u00fablicas. Queremos que os festejos aconte\u00e7am com sucesso e que tanto os comerciantes, quanto as fam\u00edlias possam se sentir bem acolhidas em nossa \u00e1rea central&rdquo;, disse o prefeito Beto Preto (PT), que tem acompanhado de perto os trabalhos.<br \/><\/span><span style=\"letter-spacing: -0.02em; line-height: 1.45em; background-color: initial;\"><br \/>Ao chegar a Apucarana, Papai Noel percorrer\u00e1 as ruas centrais em carreata acompanhado dos j\u00e1 tradicionais caminh\u00f5es da Coca-Cola. Na Pra\u00e7a Rui Barbosa, receber\u00e1 as chaves da cidade das m\u00e3os do prefeito Beto Preto. A recep\u00e7\u00e3o ao bom velhinho prev\u00ea ainda atividades culturais e art\u00edsticas natalinas e encerramento com show de fogos de artif\u00edcios. &ldquo;A programa\u00e7\u00e3o deste ano tamb\u00e9m contar\u00e1 com a realiza\u00e7\u00e3o de muitas atividades culturais, como apresenta\u00e7\u00f5es de Autos de Natal. Esperamos a todos&rdquo;, convida o prefeito.<br \/><\/span><span style=\"letter-spacing: -0.02em; line-height: 1.45em; background-color: initial;\"><br \/><b>Com\u00e9rcio<\/b><\/span><span style=\"letter-spacing: -0.02em; line-height: 1.45em; background-color: initial;\"> &#8211; A Associa\u00e7\u00e3o Comercial, Industrial e de Servi\u00e7os (Acia) anuncia a abertura do com\u00e9rcio \u00e0 noite a partir do dia 10, quando tamb\u00e9m come\u00e7a a circular o trenzinho proporcionando passeios para as crian\u00e7as. Com rela\u00e7\u00e3o \u00e0s feiras, uma reuni\u00e3o intermediada pela Prefeitura de Apucarana, na semana passada, definiu que tanto a Feira do Entardecer, quanto a Feira do Artesanato, ir\u00e3o funcionar das 10 \u00e0s 22 horas em datas espec\u00edficas neste m\u00eas de dezembro. <\/p>\n<p>Tradicionais pontos do com\u00e9rcio da gastronomia e de produtos do artesanato local na Pra\u00e7a Rui Barbosa, a primeira vai atender aos consumidores do dia 10 ao dia 13 e do dia 17 ao dia 21. J\u00e1 os artes\u00e3os v\u00e3o comercializar seus produtos, ininterruptamente, do dia 10 ao dia 23 de dezembro, antev\u00e9spera do Natal.<\/span><\/p><\/p>\n","protected":false},"excerpt":{"rendered":"<p>Prefeitura finaliza a instala&ccedil;&atilde;o da Casa do Noel, que vai contar com pres&eacute;pio, &aacute;rvore de Natal, bota do Papai Noel, Papai Noel gigante, entre outras atra&ccedil;&otilde;es<\/p>\n","protected":false},"author":4,"featured_media":0,"comment_status":"closed","ping_status":"closed","sticky":false,"template":"","format":"standard","meta":{"footnotes":""},"categories":[24],"tags":[],"class_list":["post-2405","post","type-post","status-publish","format-standard","hentry","category-noticias"],"acf":[],"_links":{"self":[{"href":"http:\/\/www.apucarana.pr.gov.br\/site\/wp-json\/wp\/v2\/posts\/2405","targetHints":{"allow":["GET"]}}],"collection":[{"href":"http:\/\/www.apucarana.pr.gov.br\/site\/wp-json\/wp\/v2\/posts"}],"about":[{"href":"http:\/\/www.apucarana.pr.gov.br\/site\/wp-json\/wp\/v2\/types\/post"}],"author":[{"embeddable":true,"href":"http:\/\/www.apucarana.pr.gov.br\/site\/wp-json\/wp\/v2\/users\/4"}],"replies":[{"embeddable":true,"href":"http:\/\/www.apucarana.pr.gov.br\/site\/wp-json\/wp\/v2\/comments?post=2405"}],"version-history":[{"count":1,"href":"http:\/\/www.apucarana.pr.gov.br\/site\/wp-json\/wp\/v2\/posts\/2405\/revisions"}],"predecessor-version":[{"id":104475,"href":"http:\/\/www.apucarana.pr.gov.br\/site\/wp-json\/wp\/v2\/posts\/2405\/revisions\/104475"}],"wp:attachment":[{"href":"http:\/\/www.apucarana.pr.gov.br\/site\/wp-json\/wp\/v2\/media?parent=2405"}],"wp:term":[{"taxonomy":"category","embeddable":true,"href":"http:\/\/www.apucarana.pr.gov.br\/site\/wp-json\/wp\/v2\/categories?post=2405"},{"taxonomy":"post_tag","embeddable":true,"href":"http:\/\/www.apucarana.pr.gov.br\/site\/wp-json\/wp\/v2\/tags?post=2405"}],"curies":[{"name":"wp","href":"https:\/\/api.w.org\/{rel}","templated":true}]}}