{"id":23749,"date":"2019-05-20T17:41:09","date_gmt":"2019-05-20T20:41:09","guid":{"rendered":"http:\/\/172.16.0.7\/site-antigo\/?p=23749"},"modified":"2024-10-08T09:19:14","modified_gmt":"2024-10-08T12:19:14","slug":"prefeitura-lanca-licitacao-para-a-reforma-da-escola-placido-de-castro","status":"publish","type":"post","link":"http:\/\/www.apucarana.pr.gov.br\/site\/prefeitura-lanca-licitacao-para-a-reforma-da-escola-placido-de-castro\/","title":{"rendered":"Prefeitura lan\u00e7a licita\u00e7\u00e3o para a reforma da Escola Pl\u00e1cido de Castro"},"content":{"rendered":"<p>A Escola Municipal Pl\u00e1cido de Castro, situada no N\u00facleo Adriano Correia, passar\u00e1 por uma grande reforma para proporcionar maior conforto aos professores e alunos. O prefeito Junior da Femac autorizou hoje (20) a abertura do processo licitat\u00f3rio para a escolha da empreiteira que ficar\u00e1 respons\u00e1vel pela obra.<br \/>\nO projeto de engenharia contempla a reforma de 684,32 m<sup>2<\/sup> e amplia\u00e7\u00e3o de outros 16,44 m<sup>2<\/sup>. O investimento m\u00e1ximo, previsto no edital, \u00e9 de R$ 630.965,22.<br \/>\nOs principais servi\u00e7os ser\u00e3o a substitui\u00e7\u00e3o do telhado, do forro e do piso da escola, a revis\u00e3o do sistema el\u00e9trico, a reforma de cozinha, dep\u00f3sito de merenda, refeit\u00f3rio, lavandeira, sanit\u00e1rios e p\u00e1tio, melhorias nas salas de professores, dire\u00e7\u00e3o, coordena\u00e7\u00e3o e secretaria, al\u00e9m da adequa\u00e7\u00e3o do pr\u00e9dio \u00e0s normas estabelecidas pelo Minist\u00e9rio da Educa\u00e7\u00e3o, Corpo de Bombeiros e Vigil\u00e2ncia Sanit\u00e1ria. J\u00e1 a amplia\u00e7\u00e3o refere-se \u00e0 instala\u00e7\u00e3o de cobertura em policarbonato ligando o portal de entrada ao pr\u00e9dio.<br \/>\nA Escola Municipal Pl\u00e1cido de Castro atende a 130 alunos, matriculados nas turmas da Educa\u00e7\u00e3o Infantil e dos anos iniciais do Ensino Fundamental (1\u00ba ao 5\u00ba ano).<br \/>\nA presidente da associa\u00e7\u00e3o de moradores do N\u00facleo Adriano Correia, Maria Cota, agradeceu \u00e0 administra\u00e7\u00e3o municipal por mais este investimento. \u201cA escola \u00e9 muito importante para a comunidade e n\u00f3s est\u00e1vamos esperando pela reforma dela desde 2017. Obrigada,\u201d disse.<br \/>\n\u201cA obra acabar\u00e1 com as muitas goteiras do pr\u00e9dio, sanit\u00e1rios entupidos e tamb\u00e9m com as quedas constantes de energia,\u201d comemorou a diretora da institui\u00e7\u00e3o, D\u00e9bora Camilete de Campos.<br \/>\nA secret\u00e1ria municipal de educa\u00e7\u00e3o, Marli Fernandes, explicou por que a licita\u00e7\u00e3o s\u00f3 est\u00e1 sendo autorizada neste momento. \u201cComo a Escola Pl\u00e1cido de Castro foi constru\u00edda em uma \u00e1rea verde, o projeto precisou passar pela an\u00e1lise e aprova\u00e7\u00e3o do Instituto Ambiental do Paran\u00e1 (IAP) e acabou demorando um pouco mais do que o previsto para sair.\u201d<br \/>\nA Escola Pl\u00e1cido de Castro, do N\u00facleo Adriano Correia, \u00e9 a 52\u00aa unidade de ensino a receber melhorias estruturais. \u201cAt\u00e9 o final da gest\u00e3o, a nossa meta \u00e9 reformar todos os 60 CMEIs e Escolas que fazem parte da rede municipal,\u201d garantiu o prefeito Junior da Femac. O processo licitat\u00f3rio tem prazo de 90 dias para ser finalizado.<\/p>\n","protected":false},"excerpt":{"rendered":"<p>O projeto de engenharia contempla melhorias em 684,32 m2 na unidade do N\u00facleo Adriano Correia. O investimento m\u00e1ximo, previsto no edital, \u00e9 de R$ 630.965,22 (Fotos: Profeta)<\/p>\n","protected":false},"author":4,"featured_media":23752,"comment_status":"closed","ping_status":"open","sticky":false,"template":"","format":"standard","meta":{"footnotes":""},"categories":[24],"tags":[44,57,58,39,80],"class_list":["post-23749","post","type-post","status-publish","format-standard","has-post-thumbnail","hentry","category-noticias","tag-ensino-publico","tag-escola","tag-obras","tag-prefeitura-de-apucarana","tag-reforma-e-ampliacao"],"acf":[],"_links":{"self":[{"href":"http:\/\/www.apucarana.pr.gov.br\/site\/wp-json\/wp\/v2\/posts\/23749","targetHints":{"allow":["GET"]}}],"collection":[{"href":"http:\/\/www.apucarana.pr.gov.br\/site\/wp-json\/wp\/v2\/posts"}],"about":[{"href":"http:\/\/www.apucarana.pr.gov.br\/site\/wp-json\/wp\/v2\/types\/post"}],"author":[{"embeddable":true,"href":"http:\/\/www.apucarana.pr.gov.br\/site\/wp-json\/wp\/v2\/users\/4"}],"replies":[{"embeddable":true,"href":"http:\/\/www.apucarana.pr.gov.br\/site\/wp-json\/wp\/v2\/comments?post=23749"}],"version-history":[{"count":1,"href":"http:\/\/www.apucarana.pr.gov.br\/site\/wp-json\/wp\/v2\/posts\/23749\/revisions"}],"predecessor-version":[{"id":100466,"href":"http:\/\/www.apucarana.pr.gov.br\/site\/wp-json\/wp\/v2\/posts\/23749\/revisions\/100466"}],"wp:featuredmedia":[{"embeddable":true,"href":"http:\/\/www.apucarana.pr.gov.br\/site\/wp-json\/"}],"wp:attachment":[{"href":"http:\/\/www.apucarana.pr.gov.br\/site\/wp-json\/wp\/v2\/media?parent=23749"}],"wp:term":[{"taxonomy":"category","embeddable":true,"href":"http:\/\/www.apucarana.pr.gov.br\/site\/wp-json\/wp\/v2\/categories?post=23749"},{"taxonomy":"post_tag","embeddable":true,"href":"http:\/\/www.apucarana.pr.gov.br\/site\/wp-json\/wp\/v2\/tags?post=23749"}],"curies":[{"name":"wp","href":"https:\/\/api.w.org\/{rel}","templated":true}]}}