{"id":23452,"date":"2019-05-06T11:57:42","date_gmt":"2019-05-06T14:57:42","guid":{"rendered":"http:\/\/172.16.0.7\/site-antigo\/?p=23452"},"modified":"2024-10-08T09:19:18","modified_gmt":"2024-10-08T12:19:18","slug":"fabrica-de-fertilizantes-inaugura-planta-industrial-em-apucarana","status":"publish","type":"post","link":"http:\/\/www.apucarana.pr.gov.br\/site\/fabrica-de-fertilizantes-inaugura-planta-industrial-em-apucarana\/","title":{"rendered":"F\u00e1brica de fertilizantes inaugura planta industrial em Apucarana"},"content":{"rendered":"<p>Com investimentos de R$ 15 milh\u00f5es, a Brasfertil Fertilizantes Ltda inaugurou sua planta industrial em Apucarana. Localizada na Estrada do Bejuim, na divisa com o munic\u00edpio de Cambira, a empresa vai gerar imediatamente cerca de 20 empregos diretos, n\u00famero que dever\u00e1 aumentar para 45 nos pr\u00f3ximos meses.<br \/>\nA inaugura\u00e7\u00e3o ocorreu na sexta-feira (03\/05) e contou com a presen\u00e7a do prefeito de Apucarana, Junior da Femac, e do secret\u00e1rio municipal de Ind\u00fastria e Com\u00e9rcio, Edison Estrope. Tamb\u00e9m estiveram presentes o deputado estadual,Tiago Amaral, o secret\u00e1rio estadual de Administra\u00e7\u00e3o, Reinhold Stephanes, e o prefeito de Cambira, Emerson Toledo.<br \/>\nJunior da Femac afirma que Apucarana est\u00e1 desenvolvendo uma das suas principais voca\u00e7\u00f5es econ\u00f4micas, \u00a0que \u00e9 o agroneg\u00f3cio. \u201cNas \u00faltimas semanas, recebemos diversas boas not\u00edcias nesta \u00e1rea, com an\u00fancios de investimentos de empresas de biofertilizantes, de fertilizantes garden, de grandes investimentos na \u00e1rea da avicultura e agora com a inaugura\u00e7\u00e3o desta f\u00e1brica de fertilizantes organominerais\u201d, ressalta Junior da Femac.<br \/>\nAl\u00e9m disso, conforme Junior da Femac, empresas tamb\u00e9m anunciaram investimentos em outros segmentos. \u201cOs empreendimentos conquistados por Apucarana nas \u00faltimas semanas j\u00e1 ultrapassam a casa dos R$ 100 milh\u00f5es. Tenho certeza que n\u00f3s vamos atrair cada vez mais empresas, gerando emprego e renda para a nossa gente\u201d, assinala Junior da Femac.<br \/>\nDe acordo com os irm\u00e3os Juliano Trintinalio e Helessandro Luiz Trintinalio, s\u00f3cio-propriet\u00e1rios da empresa, a Brasfertil atender\u00e1 os mercados do Paran\u00e1, Goi\u00e1s, \u00a0Minas Gerais, Mato Grosso, S\u00e3o Paulo, Mato Grosso do Sul e Paraguai.<br \/>\nA regi\u00e3o onde a empresa est\u00e1 instalada entrega para abate cerca de 2,5 milh\u00f5es de aves por dia e a principal mat\u00e9ria prima da Brasfertil \u00e9 a \u201ccama\u201d de avi\u00e1rio. \u201c\u00c9 uma empresa de organomineral que possui um processo industrial pioneiro, sustent\u00e1vel e de alto padr\u00e3o tecnol\u00f3gico\u201d, frisa Juliano Trintinalio.<br \/>\nOs fertilizantes organominerais s\u00e3o obtidos ap\u00f3s a transforma\u00e7\u00e3o biol\u00f3gica dos res\u00edduos animais e sua associa\u00e7\u00e3o com minerais, aumentando a efici\u00eancia na utiliza\u00e7\u00e3o de nutrientes e evitando a contamina\u00e7\u00e3o ambiental, como acontece com o uso de res\u00edduos animais in natura. \u201cHoje n\u00f3s j\u00e1 temos registrado junto ao Minist\u00e9rio da Agricultura 25 f\u00f3rmulas, para atender todos os tipos de cultura\u201d, observa Juliano.<br \/>\n&nbsp;<\/p>\n","protected":false},"excerpt":{"rendered":"<p>Investimento \u00e9 de R$ 15 milh\u00f5es e empresa vai gerar imediatamente 20 empregos diretos. (Foto: Josias Profeta)<\/p>\n","protected":false},"author":4,"featured_media":23454,"comment_status":"closed","ping_status":"open","sticky":false,"template":"","format":"standard","meta":{"footnotes":""},"categories":[24],"tags":[],"class_list":["post-23452","post","type-post","status-publish","format-standard","has-post-thumbnail","hentry","category-noticias"],"acf":[],"_links":{"self":[{"href":"http:\/\/www.apucarana.pr.gov.br\/site\/wp-json\/wp\/v2\/posts\/23452","targetHints":{"allow":["GET"]}}],"collection":[{"href":"http:\/\/www.apucarana.pr.gov.br\/site\/wp-json\/wp\/v2\/posts"}],"about":[{"href":"http:\/\/www.apucarana.pr.gov.br\/site\/wp-json\/wp\/v2\/types\/post"}],"author":[{"embeddable":true,"href":"http:\/\/www.apucarana.pr.gov.br\/site\/wp-json\/wp\/v2\/users\/4"}],"replies":[{"embeddable":true,"href":"http:\/\/www.apucarana.pr.gov.br\/site\/wp-json\/wp\/v2\/comments?post=23452"}],"version-history":[{"count":1,"href":"http:\/\/www.apucarana.pr.gov.br\/site\/wp-json\/wp\/v2\/posts\/23452\/revisions"}],"predecessor-version":[{"id":100505,"href":"http:\/\/www.apucarana.pr.gov.br\/site\/wp-json\/wp\/v2\/posts\/23452\/revisions\/100505"}],"wp:featuredmedia":[{"embeddable":true,"href":"http:\/\/www.apucarana.pr.gov.br\/site\/wp-json\/"}],"wp:attachment":[{"href":"http:\/\/www.apucarana.pr.gov.br\/site\/wp-json\/wp\/v2\/media?parent=23452"}],"wp:term":[{"taxonomy":"category","embeddable":true,"href":"http:\/\/www.apucarana.pr.gov.br\/site\/wp-json\/wp\/v2\/categories?post=23452"},{"taxonomy":"post_tag","embeddable":true,"href":"http:\/\/www.apucarana.pr.gov.br\/site\/wp-json\/wp\/v2\/tags?post=23452"}],"curies":[{"name":"wp","href":"https:\/\/api.w.org\/{rel}","templated":true}]}}