{"id":23445,"date":"2019-05-04T13:21:20","date_gmt":"2019-05-04T16:21:20","guid":{"rendered":"http:\/\/172.16.0.7\/site-antigo\/?p=23445"},"modified":"2024-10-08T09:19:18","modified_gmt":"2024-10-08T12:19:18","slug":"beto-preto-abre-o-dia-d-da-vacinacao-da-gripe","status":"publish","type":"post","link":"http:\/\/www.apucarana.pr.gov.br\/site\/beto-preto-abre-o-dia-d-da-vacinacao-da-gripe\/","title":{"rendered":"Beto Preto abre o \u201cDia D\u201d da vacina\u00e7\u00e3o da gripe"},"content":{"rendered":"<p>O secret\u00e1rio da Sa\u00fade do Paran\u00e1, Beto Preto, fez neste s\u00e1bado pela manh\u00e3, na sede da 16\u00aa regional de Sa\u00fade, em Apucarana, a abertura estadual do \u201cDia D\u201d da Vacina\u00e7\u00e3o contra a gripe. Crian\u00e7as e idosos foram imunizados pelo pr\u00f3prio secret\u00e1rio, que fez um apelo a todos os prefeitos e secret\u00e1rios municipais de sa\u00fade do Estado, no sentido de promoverem uma busca ativa do p\u00fablico alvo at\u00e9 o dia 31 de maio.<br \/>\nConforme frisou Beto Preto a Secretaria de Estado da Sa\u00fade (Sesa) tem expectativa de que todas as equipes das Unidades B\u00e1sicas de Sa\u00fade fa\u00e7am uma busca ativa de crian\u00e7as, idosos, gestantes e pu\u00e9rperas al\u00e9m de outras faixas do p\u00fablico alvo desta campanha de preven\u00e7\u00e3o da gripe. \u201cN\u00e3o podemos deixar ningu\u00e9m de fora, o inverno est\u00e1 chegando e prevenir \u00e9 um ato de amor\u201d, assinalou Beto Preto, alertando que em algumas circunst\u00e2ncias os v\u00edrus circulantes podem ocasionar quadros graves em pessoas n\u00e3o imunizadas.<br \/>\nA meta da Sesa, com apoio dos munic\u00edpios, \u00e9 garantir a imuniza\u00e7\u00e3o dos grupos priorit\u00e1rios \u2013 crian\u00e7as de 6 meses at\u00e9 5 anos, gestantes, pu\u00e9rperas, ind\u00edgenas, professores, idosos, a popula\u00e7\u00e3o privada de liberdade, funcion\u00e1rios do sistema prisional, policiais civis, militares, bombeiros e membros ativos das For\u00e7as Armadas. A Secretaria da Sa\u00fade do Paran\u00e1 fez a distribui\u00e7\u00e3o das doses e os munic\u00edpios usar\u00e3o neste s\u00e1bado diferentes estrat\u00e9gias para atingir o p\u00fablico alvo.<br \/>\nAt\u00e9 agora o Paran\u00e1 vacinou 1.276.832 pessoas, representando 38,09% do p\u00fablico-alvo. \u201cA expectativa \u00e9 que o Dia D aumente esta porcentagem com o m\u00e1ximo de pessoas vacinadas. Entre os grupos priorit\u00e1rios, registram maior procura pela imuniza\u00e7\u00e3o: os idosos, com 68,44% do p\u00fablico j\u00e1 vacinado; os ind\u00edgenas, com 66,9%, e as pu\u00e9rperas, com 65%.<br \/>\n\u201cA vacina \u00e9 segura e promove a imuniza\u00e7\u00e3o contra os v\u00edrus mais comuns em circula\u00e7\u00e3o no momento\u201d, explica Beto Preto, acrescentando que \u201ca vacina n\u00e3o desencadeia a gripe, ela \u00e9 uma das formas mais eficazes para evitar casos graves e mortes provocadas pela gripe\u201d. A Campanha Nacional de Vacina\u00e7\u00e3o contra a gripe segue at\u00e9 o dia 31 de maio.<br \/>\nParticiparam do ato os prefeitos de Apucarana, Junior da Femac; Arapongas, S\u00e9rgio Onofre; Cambira, Emerson Toledo; Calif\u00f3rnia, Paulo Wilson Mendes; kalor\u00e9, Washington Luiz da Silva; Rio Bom, Ene Gon\u00e7alves; Bom Sucesso, Raimundo Almeida Junior; e de Borraz\u00f3polis, Adilson Luchetti. Tamb\u00e9m prestigiaram o evento o chefe da 16\u00aa RS, Altimar Carletto, e a diretora geral do Hospital da Provid\u00eancia, Irm\u00e3 Geovana Ramos.<\/p>\n","protected":false},"excerpt":{"rendered":"<p>Na presen\u00e7a de prefeitos de v\u00e1rias cidades, secret\u00e1rio da sa\u00fade do Paran\u00e1 pediu busca ativa do p\u00fablico alvo (Foto: Profeta)<\/p>\n","protected":false},"author":4,"featured_media":23448,"comment_status":"closed","ping_status":"open","sticky":false,"template":"","format":"standard","meta":{"footnotes":""},"categories":[24],"tags":[],"class_list":["post-23445","post","type-post","status-publish","format-standard","has-post-thumbnail","hentry","category-noticias"],"acf":[],"_links":{"self":[{"href":"http:\/\/www.apucarana.pr.gov.br\/site\/wp-json\/wp\/v2\/posts\/23445","targetHints":{"allow":["GET"]}}],"collection":[{"href":"http:\/\/www.apucarana.pr.gov.br\/site\/wp-json\/wp\/v2\/posts"}],"about":[{"href":"http:\/\/www.apucarana.pr.gov.br\/site\/wp-json\/wp\/v2\/types\/post"}],"author":[{"embeddable":true,"href":"http:\/\/www.apucarana.pr.gov.br\/site\/wp-json\/wp\/v2\/users\/4"}],"replies":[{"embeddable":true,"href":"http:\/\/www.apucarana.pr.gov.br\/site\/wp-json\/wp\/v2\/comments?post=23445"}],"version-history":[{"count":1,"href":"http:\/\/www.apucarana.pr.gov.br\/site\/wp-json\/wp\/v2\/posts\/23445\/revisions"}],"predecessor-version":[{"id":100506,"href":"http:\/\/www.apucarana.pr.gov.br\/site\/wp-json\/wp\/v2\/posts\/23445\/revisions\/100506"}],"wp:featuredmedia":[{"embeddable":true,"href":"http:\/\/www.apucarana.pr.gov.br\/site\/wp-json\/"}],"wp:attachment":[{"href":"http:\/\/www.apucarana.pr.gov.br\/site\/wp-json\/wp\/v2\/media?parent=23445"}],"wp:term":[{"taxonomy":"category","embeddable":true,"href":"http:\/\/www.apucarana.pr.gov.br\/site\/wp-json\/wp\/v2\/categories?post=23445"},{"taxonomy":"post_tag","embeddable":true,"href":"http:\/\/www.apucarana.pr.gov.br\/site\/wp-json\/wp\/v2\/tags?post=23445"}],"curies":[{"name":"wp","href":"https:\/\/api.w.org\/{rel}","templated":true}]}}