{"id":23440,"date":"2019-05-04T12:32:24","date_gmt":"2019-05-04T15:32:24","guid":{"rendered":"http:\/\/172.16.0.7\/site-antigo\/?p=23440"},"modified":"2024-10-08T09:19:18","modified_gmt":"2024-10-08T12:19:18","slug":"apucarana-mantem-27-ubss-abertas-hoje-para-vacinacao-contra-a-gripe","status":"publish","type":"post","link":"http:\/\/www.apucarana.pr.gov.br\/site\/apucarana-mantem-27-ubss-abertas-hoje-para-vacinacao-contra-a-gripe\/","title":{"rendered":"Apucarana mant\u00e9m 27 UBSs abertas hoje para vacina\u00e7\u00e3o contra a gripe"},"content":{"rendered":"<p>&nbsp;<br \/>\nCom a presen\u00e7a do prefeito Junior da Femac e de diretores da Autarquia Municipal de Sa\u00fade (AMS), foi realizada hoje pela manh\u00e3, a abertura oficial do Dia D da Campanha Nacional da Vacina Contra a Gripe. A solenidade aconteceu na Unidade B\u00e1sica de Sa\u00fade (UBS) Maria do Caf\u00e9, no Jardim Ponta Grossa.<br \/>\nA vacina\u00e7\u00e3o come\u00e7ou \u00e0s 8 horas e segue at\u00e9 as 17 horas em 27 UBSs. A exce\u00e7\u00e3o s\u00e3o para a unidade de sa\u00fade Philipe Weckewerth, no Jardim Milani, e Unidades de Apoio da Sa\u00fade. O prefeito Junior da Femac reiterou a import\u00e2ncia da vacina para se proteger da gripe e das complica\u00e7\u00f5es que ela pode causar.<br \/>\n\u201cOs quadro da gripe pode evoluir para pneumonia e isso pode ser evitado com a vacina. Esse \u00e9 o dia que queremos chamar a aten\u00e7\u00e3o para a import\u00e2ncia da vacina. \u00c9 preciso vacinar sim, garantindo a imuniza\u00e7\u00e3o contra o v\u00edrus da gripe pelo ano todo. Espero que a popula\u00e7\u00e3o atenda a esse chamado da sa\u00fade. N\u00e3o queremos que ningu\u00e9m, de nenhum grupo priorit\u00e1rio, fique para tr\u00e1s\u201d, enfatizou Junior.<br \/>\nDiego Rocha, morador do Jardim Ponta Grossa, compareceu logo cedo neste s\u00e1bado, na UBS Maria do Caf\u00e9, para vacinar seu filho Edgar, de 3 anos. \u201cN\u00e3o pude vir antes porque trabalho e ele vai para creche. Hoje foi o dia perfeito para trazer meu filho para vacinar. A minha responsabilidade, como pai, \u00e9 cuidar da sa\u00fade dele\u201d, afirmou Rocha.<br \/>\nO diretor presidente da Autarquia de Sa\u00fade, Roberto Kaneta, definiu o programa de imuniza\u00e7\u00e3o do Brasil como um dos maiores do mundo. \u201cFaz 33 anos que trabalho nas campanhas de vacina\u00e7\u00e3o e acredito muito neste programa, que foi capaz de reduzir os \u00edndices de mortalidade no pa\u00eds, erradicar doen\u00e7as como a p\u00f3lio e a var\u00edola, e tamb\u00e9m combater tantas doen\u00e7as que podem ser controladas pela vacina\u201d, disse Kaneta.<br \/>\nKaneta considera muito preocupante a cultura da n\u00e3o vacina\u00e7\u00e3o divulgada nas redes sociais que, segundo ele, \u00e9 um dos fatores respons\u00e1veis pelo ressurgimento de muitas doen\u00e7as que estavam sob controle, como o sarampo. \u201cPor isso, a import\u00e2ncia desta campanha e do Dia D que consiste numa mobiliza\u00e7\u00e3o para atrair as pessoas para a imuniza\u00e7\u00e3o\u201d, destacou Kaneta.<br \/>\nA campanha de vacina\u00e7\u00e3o contra a gripe segue at\u00e9 o dia 31 de maio. As doses est\u00e3o dispon\u00edveis em 23 UBSs de Apucarana, de segunda a sexta-feira, de 8h30 a 16h30. A meta na cidade \u00e9 imunizar 40.480 pessoas. De acordo com balan\u00e7o divulgado ontem (3) pela AMS, a cobertura no munic\u00edpio chegou a 44,7%.<br \/>\nA vacina\u00e7\u00e3o contra a gripe \u00e9 destinada aos grupos priorit\u00e1rios formados por idosos (a partir de 60 anos); crian\u00e7as 6 meses a 6 anos incompletos; gestantes; trabalhadores de sa\u00fade; povos ind\u00edgenas; pu\u00e9rperas (mulheres at\u00e9 45 ap\u00f3s o parto); professores, pessoas portadoras de doen\u00e7as cr\u00f4nicas e outras categorias de risco cl\u00ednico; popula\u00e7\u00e3o privada de liberdade, incluindo adolescentes e jovens de 12 a 21 anos de idade sob medidas socioeducativas; funcion\u00e1rios do sistema prisional; e profissionais das for\u00e7as de seguran\u00e7a e salvamento (policiais civis e militares, bombeiros e membros ativos das For\u00e7as Armadas).<br \/>\nNeste ano, at\u00e9 20 de abril, foram registrados 427 casos de S\u00edndrome Respirat\u00f3ria Aguda Grave (SRAG) por influenza em todo o pa\u00eds, com 81 \u00f3bitos.<br \/>\n&nbsp;<br \/>\n<strong>COBERTURA DE CADA GRUPO PRIORIT\u00c1RIO AT\u00c9 O MOMENTO AT\u00c9 3\u00a0 DE ABRIL:<\/strong><br \/>\nIDOSOS: meta 15.227, vacinados 8.477 = 55,67%<br \/>\nTRABALHADORES DA SA\u00daDE: meta 1.983, vacinados 500 = 25,21%<br \/>\nPU\u00c9RPERAS: meta 209, vacinadas 149= 71,29%<br \/>\nPROFESSORES: meta 1.471, vacinados 713= 48,47%<br \/>\nGESTANTES: meta 1.273, vacinadas 798= 62,69%<br \/>\nCRIAN\u00c7AS: meta 8.897, vacinadas 4.152= 46,67%<br \/>\nPORTADORES DE DOEN\u00c7AS CR\u00d4NICAS: meta 11.247<br \/>\nConforme estabelece o Minist\u00e9rio da Sa\u00fade, os portadores de doen\u00e7as cr\u00f4nicas n\u00e3o entram no c\u00e1lculo do \u00edndice de cobertura vacinal.<br \/>\n&nbsp;<br \/>\n&nbsp;<\/p>\n","protected":false},"excerpt":{"rendered":"<p>Abertura oficial do DIA D da campanha aconteceu na UBS Maria do Caf\u00e9, no Jardim Ponta Grossa (Fotos &#8211; Profeta)<\/p>\n","protected":false},"author":4,"featured_media":23441,"comment_status":"closed","ping_status":"open","sticky":false,"template":"","format":"standard","meta":{"footnotes":""},"categories":[24],"tags":[],"class_list":["post-23440","post","type-post","status-publish","format-standard","has-post-thumbnail","hentry","category-noticias"],"acf":[],"_links":{"self":[{"href":"http:\/\/www.apucarana.pr.gov.br\/site\/wp-json\/wp\/v2\/posts\/23440","targetHints":{"allow":["GET"]}}],"collection":[{"href":"http:\/\/www.apucarana.pr.gov.br\/site\/wp-json\/wp\/v2\/posts"}],"about":[{"href":"http:\/\/www.apucarana.pr.gov.br\/site\/wp-json\/wp\/v2\/types\/post"}],"author":[{"embeddable":true,"href":"http:\/\/www.apucarana.pr.gov.br\/site\/wp-json\/wp\/v2\/users\/4"}],"replies":[{"embeddable":true,"href":"http:\/\/www.apucarana.pr.gov.br\/site\/wp-json\/wp\/v2\/comments?post=23440"}],"version-history":[{"count":1,"href":"http:\/\/www.apucarana.pr.gov.br\/site\/wp-json\/wp\/v2\/posts\/23440\/revisions"}],"predecessor-version":[{"id":100507,"href":"http:\/\/www.apucarana.pr.gov.br\/site\/wp-json\/wp\/v2\/posts\/23440\/revisions\/100507"}],"wp:featuredmedia":[{"embeddable":true,"href":"http:\/\/www.apucarana.pr.gov.br\/site\/wp-json\/"}],"wp:attachment":[{"href":"http:\/\/www.apucarana.pr.gov.br\/site\/wp-json\/wp\/v2\/media?parent=23440"}],"wp:term":[{"taxonomy":"category","embeddable":true,"href":"http:\/\/www.apucarana.pr.gov.br\/site\/wp-json\/wp\/v2\/categories?post=23440"},{"taxonomy":"post_tag","embeddable":true,"href":"http:\/\/www.apucarana.pr.gov.br\/site\/wp-json\/wp\/v2\/tags?post=23440"}],"curies":[{"name":"wp","href":"https:\/\/api.w.org\/{rel}","templated":true}]}}