{"id":23436,"date":"2019-05-03T18:00:29","date_gmt":"2019-05-03T21:00:29","guid":{"rendered":"http:\/\/172.16.0.7\/site-antigo\/?p=23436"},"modified":"2024-10-08T09:19:18","modified_gmt":"2024-10-08T12:19:18","slug":"sebrae-reafirma-parcerias-e-apoio-a-novas-acoes-da-prefeitura","status":"publish","type":"post","link":"http:\/\/www.apucarana.pr.gov.br\/site\/sebrae-reafirma-parcerias-e-apoio-a-novas-acoes-da-prefeitura\/","title":{"rendered":"Sebrae reafirma parcerias e apoio a novas a\u00e7\u00f5es da prefeitura"},"content":{"rendered":"<p>O prefeito J\u00fanior da Femac recebeu nesta sexta-feira (03\/05), no gabinete municipal, os consultores do Sebrae Apucarana, Beatriz Poletto e Tiago Cunha. \u201cO Sebrae \u00e9 um grande parceiro da gest\u00e3o Beto Preto, onde desenvolvemos pol\u00edticas importantes para o fortalecimento dos micro e pequenos empreendimentos locais, al\u00e9m de atua\u00e7\u00e3o firme na capacita\u00e7\u00e3o e formaliza\u00e7\u00e3o\u201d, comentou J\u00fanior.<br \/>\nAl\u00e9m de reafirmar a continuidade das parcerias j\u00e1 em desenvolvimento com a administra\u00e7\u00e3o municipal, os representantes do Servi\u00e7o Brasileiro de Apoio \u00e0s Micro e Pequenas Empresas (Sebrae) se comprometeram a dar suporte ao conjunto de a\u00e7\u00f5es que o prefeito J\u00fanior da Femac tem colocado em pr\u00e1tica para agilizar a abertura de novas empresas em Apucarana. \u201cEntre essas a\u00e7\u00f5es est\u00e1 a de oferecer maior rapidez \u00e0 emiss\u00e3o do alvar\u00e1 de funcionamento. Expliquei detalhadamente como est\u00e1 se dando todo este processo e de pronto o Sebrae prontificou total apoio \u00e0s a\u00e7\u00f5es\u201d, relatou o prefeito.<br \/>\nEle lembra que no final de abril tamb\u00e9m recebeu apoio por parte do comandante do 11\u00ba Grupamento do Corpo de Bombeiros de Apucarana, Major Andr\u00e9 Lopes. \u201cPela nova legisla\u00e7\u00e3o estadual, os micros e pequenos empreendedores com \u00e1rea f\u00edsica de at\u00e9 200 metros quadrados e considerados de estruturas de \u201cbaixo risco\u201d, passam a dispor de um sistema simplificado para expedi\u00e7\u00e3o do certificado de vistoria do Corpo de Bombeiros, que pode garantir a emiss\u00e3o do alvar\u00e1 em dois dias\u201d, lembra o prefeito.<br \/>\nDe acordo com o prefeito J\u00fanior da Femac, a prefeitura \u00e9 favor\u00e1vel \u00e0 simplifica\u00e7\u00e3o dos processos, no sentido de permitir a libera\u00e7\u00e3o de alvar\u00e1 de forma mais r\u00e1pida e com um custo inferior. \u201cIsso \u00e9 essencial em tempos de dificuldades na economia, e estamos atentos para estimular e contribuir na gera\u00e7\u00e3o de novos neg\u00f3cios e mais empregos\u201d, comentou J\u00fanior.<br \/>\nA consultora Beatriz Poletto afirmou que o Sebrae Apucarana est\u00e1 de portas abertas para atender no que for necess\u00e1rio. \u201cTudo que for a favor do fortalecimento das parcerias e que resulte em mais renda, mais emprego e tamb\u00e9m maior formaliza\u00e7\u00e3o tem o apoio do Sebrae\u201d, disse Beatriz. Segundo ela, a reuni\u00e3o com o prefeito J\u00fanior da Femac foi bastante positiva. \u201cTamb\u00e9m tratamos do Comit\u00ea Gestor Municipal da Lei Geral das Micro e Pequenas Empresas, que \u00e9 um ambiente prop\u00edcio para o debate de assuntos que visam o fortalecimento de nossas micros e pequenas empresas e que em breve devemos ter novidades a anunciar\u201d, conclui a consultora do Sebrae. Participaram tamb\u00e9m da reuni\u00e3o o secret\u00e1rio Municipal de Ind\u00fastria e Com\u00e9rcio, Edison Peres Estrope, e o superintendente do Idepplan, Carlos Mendes.<br \/>\nCom a miss\u00e3o de promover a competitividade e o desenvolvimento sustent\u00e1vel dos pequenos neg\u00f3cios, al\u00e9m de estimular o empreendedorismo, o Servi\u00e7o Brasileiro de Apoio \u00e0s Micro e Pequenas Empresas (Sebrae) atua com foco no fortalecimento do empreendedorismo e na acelera\u00e7\u00e3o do processo de formaliza\u00e7\u00e3o da economia por meio de parcerias com os setores p\u00fablico e privado, programas de capacita\u00e7\u00e3o, acesso ao cr\u00e9dito e \u00e0 inova\u00e7\u00e3o, est\u00edmulo ao associativismo, feiras e rodadas de neg\u00f3cios. As solu\u00e7\u00f5es desenvolvidas pelo Sebrae atendem desde o empreendedor que pretende abrir seu primeiro neg\u00f3cio at\u00e9 pequenas empresas que j\u00e1 est\u00e3o consolidadas e buscam um novo posicionamento no mercado.<\/p>\n","protected":false},"excerpt":{"rendered":"<p>Prefeito J\u00fanior da Femac tem colocado em pr\u00e1tica para agilizar a abertura de novas empresas em Apucarana (Foto: Profeta)<\/p>\n","protected":false},"author":4,"featured_media":23438,"comment_status":"closed","ping_status":"open","sticky":false,"template":"","format":"standard","meta":{"footnotes":""},"categories":[24],"tags":[],"class_list":["post-23436","post","type-post","status-publish","format-standard","has-post-thumbnail","hentry","category-noticias"],"acf":[],"_links":{"self":[{"href":"http:\/\/www.apucarana.pr.gov.br\/site\/wp-json\/wp\/v2\/posts\/23436","targetHints":{"allow":["GET"]}}],"collection":[{"href":"http:\/\/www.apucarana.pr.gov.br\/site\/wp-json\/wp\/v2\/posts"}],"about":[{"href":"http:\/\/www.apucarana.pr.gov.br\/site\/wp-json\/wp\/v2\/types\/post"}],"author":[{"embeddable":true,"href":"http:\/\/www.apucarana.pr.gov.br\/site\/wp-json\/wp\/v2\/users\/4"}],"replies":[{"embeddable":true,"href":"http:\/\/www.apucarana.pr.gov.br\/site\/wp-json\/wp\/v2\/comments?post=23436"}],"version-history":[{"count":1,"href":"http:\/\/www.apucarana.pr.gov.br\/site\/wp-json\/wp\/v2\/posts\/23436\/revisions"}],"predecessor-version":[{"id":100508,"href":"http:\/\/www.apucarana.pr.gov.br\/site\/wp-json\/wp\/v2\/posts\/23436\/revisions\/100508"}],"wp:featuredmedia":[{"embeddable":true,"href":"http:\/\/www.apucarana.pr.gov.br\/site\/wp-json\/"}],"wp:attachment":[{"href":"http:\/\/www.apucarana.pr.gov.br\/site\/wp-json\/wp\/v2\/media?parent=23436"}],"wp:term":[{"taxonomy":"category","embeddable":true,"href":"http:\/\/www.apucarana.pr.gov.br\/site\/wp-json\/wp\/v2\/categories?post=23436"},{"taxonomy":"post_tag","embeddable":true,"href":"http:\/\/www.apucarana.pr.gov.br\/site\/wp-json\/wp\/v2\/tags?post=23436"}],"curies":[{"name":"wp","href":"https:\/\/api.w.org\/{rel}","templated":true}]}}