{"id":23416,"date":"2019-05-03T17:01:42","date_gmt":"2019-05-03T20:01:42","guid":{"rendered":"http:\/\/172.16.0.7\/site-antigo\/?p=23416"},"modified":"2024-10-08T09:19:18","modified_gmt":"2024-10-08T12:19:18","slug":"prefeitura-conclui-pavimentacao-de-trecho-do-antigo-lixao","status":"publish","type":"post","link":"http:\/\/www.apucarana.pr.gov.br\/site\/prefeitura-conclui-pavimentacao-de-trecho-do-antigo-lixao\/","title":{"rendered":"Prefeitura conclui pavimenta\u00e7\u00e3o de trecho do antigo lix\u00e3o"},"content":{"rendered":"<p>Os 620 metros lineares n\u00e3o pavimentados da Estrada Ant\u00f4nio Jos\u00e9 de Oliveira, em trajeto do antigo lix\u00e3o at\u00e9 a liga\u00e7\u00e3o com o Contorno Norte, come\u00e7aram a ganhar a capa asf\u00e1ltica nesta sexta-feira (03\/05). O prefeito J\u00fanior da Femac, acompanhado do secret\u00e1rio Municipal de Obras Herivelto Moreno, acompanhou de perto a execu\u00e7\u00e3o dos servi\u00e7os que devem ser conclu\u00eddos j\u00e1 neste s\u00e1bado pela empreiteira Romo Pavimentadora Ltda, vencedora da licita\u00e7\u00e3o.<br \/>\nBastante aguardada por produtores rurais, moradores da Comunidade Rural do Barreiro e turistas que acessam a estrada para visitar o Parque Eco-religioso da Reden\u00e7\u00e3o, pesque-pagues e ch\u00e1caras, e at\u00e9 mesmo o Contorno Norte, a benfeitoria teve in\u00edcio h\u00e1 cerca de 60 dias e envolveu implanta\u00e7\u00e3o de drenagem de \u00e1gua pluvial e pavimenta\u00e7\u00e3o asf\u00e1ltica em via de nove metros de largura por 620 metros de extens\u00e3o, totalizando 5.394 metros quadrados.<br \/>\n\u201cEssa \u00e9 mais uma realiza\u00e7\u00e3o da gest\u00e3o Beto Preto pensada para proporcionar comodidade \u00e0 popula\u00e7\u00e3o. Uma obra projetada pela nossa equipe t\u00e9cnica e que foi de dif\u00edcil execu\u00e7\u00e3o, pois trata-se de uma subida de serra, mas que abre nova perspectiva de desenvolvimento econ\u00f4mico para toda essa regi\u00e3o, que \u00e9 caminho para o Contorno Norte, Parque da Reden\u00e7\u00e3o, para a Comunidade Rural do Barreiro e belos empreendimentos do turismo rural. Certamente, a partir desta pavimenta\u00e7\u00e3o o fluxo ser\u00e1 bem maior\u201d, disse o prefeito J\u00fanior da Femac, lembrando que a estrada j\u00e1 era pavimentada no trecho que vai do Jardim Figueira e passa pela Col\u00f4nia dos Novos Produtores, mas que quando chegava na altura do antigo lix\u00e3o, o asfalto acabava.<br \/>\n\u201cAgrade\u00e7o ao Deputado Federal Aliel Machado, que com intermedia\u00e7\u00e3o do vereador Lucas Leugi, viabilizou recursos para a obra e convido a popula\u00e7\u00e3o para constatar a qualidade do servi\u00e7o. Nesta sexta-feira grande parte da capa asf\u00e1ltica j\u00e1 foi aplicada e, se n\u00e3o chover, a empreiteira ir\u00e1 concluir tudo ainda neste s\u00e1bado. Venham para averiguar o que uma gest\u00e3o s\u00e9ria, transparente e honesta \u00e9 capaz de fazer pela cidade\u201d, disse J\u00fanior. O investimento na obra ficou na ordem de R$322.530,00.<br \/>\nMorador de uma ch\u00e1cara no trecho asfaltado, Alexandre Ant\u00f4nio da Silva conta que a obra executada pela Prefeitura de Apucarana vai beneficiar muito os usu\u00e1rios. \u201cMinha esposa, que trabalha no Parque Industrial Zona Norte, n\u00e3o utilizava mais esse trecho devido as condi\u00e7\u00f5es em que estava. Ela preferia passar por dentro da cidade, que deixa o trajeto bem mais longo, do que tentar acessar o Contorno Norte pela parte n\u00e3o pavimentada. Agora est\u00e1 ficando uma maravilha. Al\u00e9m da dist\u00e2ncia, tamb\u00e9m vai diminuir a nossa despesa com combust\u00edvel\u201d, comentou Silva, refor\u00e7ando que a benfeitoria est\u00e1 sendo comemorada ainda mais pelos moradores do Barreiro. \u201cGrande parte deles tamb\u00e9m j\u00e1 n\u00e3o arriscavam mais passar por aqui, para chegar at\u00e9 o centro ou iam pelo Posto Catarina ou pelo viaduto no Bonez\u00e3o, que deixa o trajeto cerca de 8 quil\u00f4metros maior\u201d, conta o morador.<br \/>\nAcesso ao Contorno &#8211; As melhorias para o trecho ainda ter\u00e3o continuidade com obras de engenharia no entroncamento entre a estrada para o Barreiro e o Contorno Norte. \u201cA pedido do prefeito J\u00fanior da Femac estamos em processo final de aprova\u00e7\u00e3o, junto ao DER-PR, de um projeto para execu\u00e7\u00e3o de melhorias na interse\u00e7\u00e3o da Estrada Ant\u00f4nio Jos\u00e9 de Oliveira com o Contorno Norte, visando proporcionar maior seguran\u00e7a a todos os condutores\u201d, informou Moreno. De acordo com ele, a partir da pavimenta\u00e7\u00e3o, o trecho passar\u00e1 a ser bastante utilizado. \u201cSer\u00e1 mais uma entrada da cidade para quem vem de Maring\u00e1 ou Londrina e utiliza o Contorno Norte, por isso \u00e9 uma preocupa\u00e7\u00e3o do prefeito J\u00fanior da Femac a realiza\u00e7\u00e3o de interven\u00e7\u00f5es que garantam um tr\u00e2nsito seguro no local\u201d, concluiu o secret\u00e1rio.<\/p>\n","protected":false},"excerpt":{"rendered":"<p>Bastante aguardada, benfeitoria teve in\u00edcio h\u00e1 cerca de 60 dias e envolveu implanta\u00e7\u00e3o de drenagem de \u00e1gua pluvial e pavimenta\u00e7\u00e3o asf\u00e1ltica em via de nove metros de largura por 620 metros de extens\u00e3o (Foto: Profeta)<\/p>\n","protected":false},"author":4,"featured_media":23421,"comment_status":"closed","ping_status":"open","sticky":false,"template":"","format":"standard","meta":{"footnotes":""},"categories":[24],"tags":[],"class_list":["post-23416","post","type-post","status-publish","format-standard","has-post-thumbnail","hentry","category-noticias"],"acf":[],"_links":{"self":[{"href":"http:\/\/www.apucarana.pr.gov.br\/site\/wp-json\/wp\/v2\/posts\/23416","targetHints":{"allow":["GET"]}}],"collection":[{"href":"http:\/\/www.apucarana.pr.gov.br\/site\/wp-json\/wp\/v2\/posts"}],"about":[{"href":"http:\/\/www.apucarana.pr.gov.br\/site\/wp-json\/wp\/v2\/types\/post"}],"author":[{"embeddable":true,"href":"http:\/\/www.apucarana.pr.gov.br\/site\/wp-json\/wp\/v2\/users\/4"}],"replies":[{"embeddable":true,"href":"http:\/\/www.apucarana.pr.gov.br\/site\/wp-json\/wp\/v2\/comments?post=23416"}],"version-history":[{"count":1,"href":"http:\/\/www.apucarana.pr.gov.br\/site\/wp-json\/wp\/v2\/posts\/23416\/revisions"}],"predecessor-version":[{"id":100509,"href":"http:\/\/www.apucarana.pr.gov.br\/site\/wp-json\/wp\/v2\/posts\/23416\/revisions\/100509"}],"wp:featuredmedia":[{"embeddable":true,"href":"http:\/\/www.apucarana.pr.gov.br\/site\/wp-json\/"}],"wp:attachment":[{"href":"http:\/\/www.apucarana.pr.gov.br\/site\/wp-json\/wp\/v2\/media?parent=23416"}],"wp:term":[{"taxonomy":"category","embeddable":true,"href":"http:\/\/www.apucarana.pr.gov.br\/site\/wp-json\/wp\/v2\/categories?post=23416"},{"taxonomy":"post_tag","embeddable":true,"href":"http:\/\/www.apucarana.pr.gov.br\/site\/wp-json\/wp\/v2\/tags?post=23416"}],"curies":[{"name":"wp","href":"https:\/\/api.w.org\/{rel}","templated":true}]}}