{"id":23398,"date":"2019-05-03T15:36:20","date_gmt":"2019-05-03T18:36:20","guid":{"rendered":"http:\/\/172.16.0.7\/site-antigo\/?p=23398"},"modified":"2024-10-08T09:19:18","modified_gmt":"2024-10-08T12:19:18","slug":"educacao-divulga-cardapios-das-escolas-e-cmeis-municipais-18","status":"publish","type":"post","link":"http:\/\/www.apucarana.pr.gov.br\/site\/educacao-divulga-cardapios-das-escolas-e-cmeis-municipais-18\/","title":{"rendered":"Educa\u00e7\u00e3o divulga card\u00e1pios das Escolas e Cmeis municipais"},"content":{"rendered":"<p><strong>Card\u00e1pios dos CMEIs \u2013 alunos de 4 a 12 meses de idade<\/strong><br \/>\n<img loading=\"lazy\" decoding=\"async\" class=\"alignnone size-full wp-image-23399\" src=\"http:\/\/www.apucarana.pr.gov.br\/site\/wp-content\/uploads\/2019\/05\/CMEI-4-A-12-MESES-MAIO.jpg\" alt=\"\" width=\"960\" height=\"720\" \/><br \/>\n<img loading=\"lazy\" decoding=\"async\" class=\"alignnone size-full wp-image-23400\" src=\"http:\/\/www.apucarana.pr.gov.br\/site\/wp-content\/uploads\/2019\/05\/CMEI-4-A-12-MESES-MAIO-1.jpg\" alt=\"\" width=\"960\" height=\"720\" \/><br \/>\n<img loading=\"lazy\" decoding=\"async\" class=\"alignnone size-full wp-image-23401\" src=\"http:\/\/www.apucarana.pr.gov.br\/site\/wp-content\/uploads\/2019\/05\/CMEI-4-A-12-MESES-MAIO-2.jpg\" alt=\"\" width=\"960\" height=\"720\" \/><br \/>\n<img loading=\"lazy\" decoding=\"async\" class=\"alignnone size-full wp-image-23402\" src=\"http:\/\/www.apucarana.pr.gov.br\/site\/wp-content\/uploads\/2019\/05\/CMEI-4-A-12-MESES-MAIO-3.jpg\" alt=\"\" width=\"960\" height=\"720\" \/><br \/>\n<strong>Card\u00e1pios dos CMEIs \u2013 alunos com mais de 12 meses de idade<\/strong><br \/>\n<img loading=\"lazy\" decoding=\"async\" class=\"alignnone size-full wp-image-23403\" src=\"http:\/\/www.apucarana.pr.gov.br\/site\/wp-content\/uploads\/2019\/05\/CMEI-ACIMA-DE-12-MESES-MAIO-1.jpg\" alt=\"\" width=\"960\" height=\"720\" \/><br \/>\n<img loading=\"lazy\" decoding=\"async\" class=\"alignnone size-full wp-image-23404\" src=\"http:\/\/www.apucarana.pr.gov.br\/site\/wp-content\/uploads\/2019\/05\/CMEI-ACIMA-DE-12-MESES-MAIO-2.jpg\" alt=\"\" width=\"960\" height=\"720\" \/><br \/>\n<img loading=\"lazy\" decoding=\"async\" class=\"alignnone size-full wp-image-23405\" src=\"http:\/\/www.apucarana.pr.gov.br\/site\/wp-content\/uploads\/2019\/05\/CMEI-ACIMA-DE-12-MESES-MAIO-3.jpg\" alt=\"\" width=\"960\" height=\"720\" \/><br \/>\n<img loading=\"lazy\" decoding=\"async\" class=\"alignnone size-full wp-image-23406\" src=\"http:\/\/www.apucarana.pr.gov.br\/site\/wp-content\/uploads\/2019\/05\/CMEI-ACIMA-DE-12-MESES-MAIO-4.jpg\" alt=\"\" width=\"960\" height=\"720\" \/><br \/>\n<strong>Card\u00e1pios das Escolas que funcionam em per\u00edodo parcial \u2013 Matutino<\/strong><br \/>\n<img loading=\"lazy\" decoding=\"async\" class=\"alignnone size-full wp-image-23407\" src=\"http:\/\/www.apucarana.pr.gov.br\/site\/wp-content\/uploads\/2019\/05\/ESCOLA-MATUTINO-MAIO.jpg\" alt=\"\" width=\"960\" height=\"720\" \/><br \/>\n<strong>Card\u00e1pios das Escolas que funcionam em per\u00edodo parcial \u2013 Vespertino<\/strong><br \/>\n<img loading=\"lazy\" decoding=\"async\" class=\"alignnone size-full wp-image-23408\" src=\"http:\/\/www.apucarana.pr.gov.br\/site\/wp-content\/uploads\/2019\/05\/ESCOLA-VESPERTINO-MAIO.jpg\" alt=\"\" width=\"960\" height=\"720\" \/><br \/>\n<strong>Card\u00e1pios das Escolas que funcionam em tempo integral<\/strong><br \/>\n<img loading=\"lazy\" decoding=\"async\" class=\"alignnone size-full wp-image-23409\" src=\"http:\/\/www.apucarana.pr.gov.br\/site\/wp-content\/uploads\/2019\/05\/ESCOLA-INTEGRAL-MAIO.jpg\" alt=\"\" width=\"960\" height=\"720\" \/><br \/>\n<img loading=\"lazy\" decoding=\"async\" class=\"alignnone size-full wp-image-23410\" src=\"http:\/\/www.apucarana.pr.gov.br\/site\/wp-content\/uploads\/2019\/05\/ESCOLA-INTEGRAL-MAIO-1.jpg\" alt=\"\" width=\"960\" height=\"720\" \/><br \/>\n<img loading=\"lazy\" decoding=\"async\" class=\"alignnone size-full wp-image-23411\" src=\"http:\/\/www.apucarana.pr.gov.br\/site\/wp-content\/uploads\/2019\/05\/ESCOLA-INTEGRAL-MAIO-2.jpg\" alt=\"\" width=\"960\" height=\"720\" \/><br \/>\n<img loading=\"lazy\" decoding=\"async\" class=\"alignnone size-full wp-image-23412\" src=\"http:\/\/www.apucarana.pr.gov.br\/site\/wp-content\/uploads\/2019\/05\/ESCOLA-INTEGRAL-MAIO-3.jpg\" alt=\"\" width=\"960\" height=\"720\" \/><br \/>\n<strong>Card\u00e1pios da Educa\u00e7\u00e3o de Jovens e Adultos (EJA)<\/strong><br \/>\n<img loading=\"lazy\" decoding=\"async\" class=\"alignnone size-full wp-image-23413\" src=\"http:\/\/www.apucarana.pr.gov.br\/site\/wp-content\/uploads\/2019\/05\/ESCOLA-EJA-MAIO.jpg\" alt=\"\" width=\"960\" height=\"720\" \/><\/p>\n","protected":false},"excerpt":{"rendered":"<p>Os menus s\u00e3o para o m\u00eas de maio e est\u00e3o divididos segundo a faixa et\u00e1ria dos alunos (Foto: Profeta)<\/p>\n","protected":false},"author":4,"featured_media":23414,"comment_status":"closed","ping_status":"open","sticky":false,"template":"","format":"standard","meta":{"footnotes":""},"categories":[24],"tags":[76,194,88,39],"class_list":["post-23398","post","type-post","status-publish","format-standard","has-post-thumbnail","hentry","category-noticias","tag-alimentacao-escolar","tag-educacao-publica-municipal","tag-merenda","tag-prefeitura-de-apucarana"],"acf":[],"_links":{"self":[{"href":"http:\/\/www.apucarana.pr.gov.br\/site\/wp-json\/wp\/v2\/posts\/23398","targetHints":{"allow":["GET"]}}],"collection":[{"href":"http:\/\/www.apucarana.pr.gov.br\/site\/wp-json\/wp\/v2\/posts"}],"about":[{"href":"http:\/\/www.apucarana.pr.gov.br\/site\/wp-json\/wp\/v2\/types\/post"}],"author":[{"embeddable":true,"href":"http:\/\/www.apucarana.pr.gov.br\/site\/wp-json\/wp\/v2\/users\/4"}],"replies":[{"embeddable":true,"href":"http:\/\/www.apucarana.pr.gov.br\/site\/wp-json\/wp\/v2\/comments?post=23398"}],"version-history":[{"count":1,"href":"http:\/\/www.apucarana.pr.gov.br\/site\/wp-json\/wp\/v2\/posts\/23398\/revisions"}],"predecessor-version":[{"id":100510,"href":"http:\/\/www.apucarana.pr.gov.br\/site\/wp-json\/wp\/v2\/posts\/23398\/revisions\/100510"}],"wp:featuredmedia":[{"embeddable":true,"href":"http:\/\/www.apucarana.pr.gov.br\/site\/wp-json\/"}],"wp:attachment":[{"href":"http:\/\/www.apucarana.pr.gov.br\/site\/wp-json\/wp\/v2\/media?parent=23398"}],"wp:term":[{"taxonomy":"category","embeddable":true,"href":"http:\/\/www.apucarana.pr.gov.br\/site\/wp-json\/wp\/v2\/categories?post=23398"},{"taxonomy":"post_tag","embeddable":true,"href":"http:\/\/www.apucarana.pr.gov.br\/site\/wp-json\/wp\/v2\/tags?post=23398"}],"curies":[{"name":"wp","href":"https:\/\/api.w.org\/{rel}","templated":true}]}}