{"id":23392,"date":"2019-05-02T17:55:54","date_gmt":"2019-05-02T20:55:54","guid":{"rendered":"http:\/\/172.16.0.7\/site-antigo\/?p=23392"},"modified":"2024-10-08T09:19:18","modified_gmt":"2024-10-08T12:19:18","slug":"cultura-tem-pre-conferencia-neste-sabado","status":"publish","type":"post","link":"http:\/\/www.apucarana.pr.gov.br\/site\/cultura-tem-pre-conferencia-neste-sabado\/","title":{"rendered":"Cultura tem pr\u00e9-confer\u00eancia neste s\u00e1bado"},"content":{"rendered":"<p>A Secretaria da Promo\u00e7\u00e3o Art\u00edstica, Cultural e Tur\u00edstica da Prefeitura de Apucarana (Promatur) realiza pr\u00e9-confer\u00eancia neste s\u00e1bado (04\/05), a partir das 8 horas, no Cine Teatro F\u00eanix. A atividade faz parte dos preparativos para a 2\u00aa Confer\u00eancia Municipal de Cultura, agendada para acontecer no pr\u00f3ximo dia 25 de maio, das 8 \u00e0s 12 horas, tamb\u00e9m no Cine Teatro F\u00eanix.<br \/>\n\u201cEstamos convidando e esperamos a presen\u00e7a do maior n\u00famero poss\u00edvel de representantes de todos os segmentos culturais de nossa cidade: dan\u00e7a, m\u00fasica, teatro, artes visuais, cinema, gastronomia, cultura afro, entre outros. Ser\u00e1 um momento importante para avaliarmos as a\u00e7\u00f5es j\u00e1 colocadas em pr\u00e1tica pela administra\u00e7\u00e3o municipal e tamb\u00e9m para elaborarmos propostas que ser\u00e3o debatidas durante a confer\u00eancia do dia 25\u201d, explica professora Maria Agar Borba Ferreira, secret\u00e1ria da Promatur.<br \/>\nA participa\u00e7\u00e3o no encontro \u00e9 aberta a toda a popula\u00e7\u00e3o. \u201cVamos divulgar a sistem\u00e1tica da confer\u00eancia e disponibilizar o texto base para que os cidad\u00e3os e representantes dos setores possam se familiarizar e articular suas propostas\u201d, refor\u00e7a Maria Agar. Ela frisa que na pr\u00e9-confer\u00eancia ser\u00e3o apresentados ainda os avan\u00e7os do setor no per\u00edodo da gest\u00e3o Beto Preto. \u201cIniciativas que fomentam a cena cultural apucaranense, propiciando uma s\u00e9rie de projetos gratuitos \u00e0 comunidade, e que est\u00e3o tendo toda continuidade com o prefeito J\u00fanior da Femac\u201d, cita a professora Maria Agar.<br \/>\nA minuta da proposta do primeiro edital do Fundo Municipal de Cultura, que atender\u00e1 os projetos culturais alinhados com o Plano Municipal de Cultura, tamb\u00e9m ser\u00e1 tratada na pr\u00e9-confer\u00eancia. \u201cCom esses dados, ser\u00e1 divulgada a agenda de discuss\u00f5es dos f\u00f3runs setoriais de cada segmento art\u00edstico\u201d, refor\u00e7a a secret\u00e1ria. N\u00e3o \u00e9 necess\u00e1ria inscri\u00e7\u00e3o pr\u00e9via. Mais informa\u00e7\u00f5es podem ser obtidas pelo telefone 3423-2944.<\/p>\n","protected":false},"excerpt":{"rendered":"<p>A atividade faz parte dos preparativos para a 2\u00aa Confer\u00eancia Municipal de Cultura, agendada para acontecer no pr\u00f3ximo dia 25 de maio, das 8 \u00e0s 12 horas, tamb\u00e9m no Cine Teatro F\u00eanix (Foto: Profeta)<\/p>\n","protected":false},"author":4,"featured_media":23395,"comment_status":"closed","ping_status":"open","sticky":false,"template":"","format":"standard","meta":{"footnotes":""},"categories":[24],"tags":[],"class_list":["post-23392","post","type-post","status-publish","format-standard","has-post-thumbnail","hentry","category-noticias"],"acf":[],"_links":{"self":[{"href":"http:\/\/www.apucarana.pr.gov.br\/site\/wp-json\/wp\/v2\/posts\/23392","targetHints":{"allow":["GET"]}}],"collection":[{"href":"http:\/\/www.apucarana.pr.gov.br\/site\/wp-json\/wp\/v2\/posts"}],"about":[{"href":"http:\/\/www.apucarana.pr.gov.br\/site\/wp-json\/wp\/v2\/types\/post"}],"author":[{"embeddable":true,"href":"http:\/\/www.apucarana.pr.gov.br\/site\/wp-json\/wp\/v2\/users\/4"}],"replies":[{"embeddable":true,"href":"http:\/\/www.apucarana.pr.gov.br\/site\/wp-json\/wp\/v2\/comments?post=23392"}],"version-history":[{"count":1,"href":"http:\/\/www.apucarana.pr.gov.br\/site\/wp-json\/wp\/v2\/posts\/23392\/revisions"}],"predecessor-version":[{"id":100513,"href":"http:\/\/www.apucarana.pr.gov.br\/site\/wp-json\/wp\/v2\/posts\/23392\/revisions\/100513"}],"wp:featuredmedia":[{"embeddable":true,"href":"http:\/\/www.apucarana.pr.gov.br\/site\/wp-json\/"}],"wp:attachment":[{"href":"http:\/\/www.apucarana.pr.gov.br\/site\/wp-json\/wp\/v2\/media?parent=23392"}],"wp:term":[{"taxonomy":"category","embeddable":true,"href":"http:\/\/www.apucarana.pr.gov.br\/site\/wp-json\/wp\/v2\/categories?post=23392"},{"taxonomy":"post_tag","embeddable":true,"href":"http:\/\/www.apucarana.pr.gov.br\/site\/wp-json\/wp\/v2\/tags?post=23392"}],"curies":[{"name":"wp","href":"https:\/\/api.w.org\/{rel}","templated":true}]}}