{"id":23384,"date":"2019-05-02T16:24:51","date_gmt":"2019-05-02T19:24:51","guid":{"rendered":"http:\/\/172.16.0.7\/site-antigo\/?p=23384"},"modified":"2024-10-08T09:19:18","modified_gmt":"2024-10-08T12:19:18","slug":"doacao-de-sangue-abre-o-maio-amarelo-em-apucarana","status":"publish","type":"post","link":"http:\/\/www.apucarana.pr.gov.br\/site\/doacao-de-sangue-abre-o-maio-amarelo-em-apucarana\/","title":{"rendered":"Doa\u00e7\u00e3o de sangue abre o \u201cMaio Amarelo\u201d em Apucarana"},"content":{"rendered":"<p>Agentes de tr\u00e2nsito da Prefeitura de Apucarana compareceram nesta quinta-feira (02\/05) ao Hemon\u00facleo para doa\u00e7\u00e3o de sangue. A a\u00e7\u00e3o faz parte da programa\u00e7\u00e3o local do Movimento Maio Amarelo, que este ano tem como mote \u201cno tr\u00e2nsito, o sentido \u00e9 a vida\u201d. Uma realiza\u00e7\u00e3o encabe\u00e7ada pela Superintend\u00eancia de Tr\u00e2nsito, Transporte e Seguran\u00e7a do Instituto de Desenvolvimento, Pesquisa e Planejamento de Apucarana (Idepplan), o objetivo da programa\u00e7\u00e3o \u00e9 chamar a aten\u00e7\u00e3o da popula\u00e7\u00e3o para o alto \u00edndice de mortes e feridos no tr\u00e2nsito.<br \/>\n\u201cDoar sangue, al\u00e9m de um ato de humanidade, tem tudo a ver com tr\u00e2nsito. Quando um acidente com v\u00edtimas acontece, a necessidade de sangue \u00e9 sempre imediata, por isto esta a\u00e7\u00e3o envolvendo os nossos agentes de tr\u00e2nsito foi pensada para motivar toda nossa popula\u00e7\u00e3o para que venha at\u00e9 o Hemon\u00facleo e realize tamb\u00e9m este importante ato, que permite que o sangue esteja sempre dispon\u00edvel em estoque\u201d, assinala Carlos Mendes, superintendente do Idepplan, que tamb\u00e9m fez sua doa\u00e7\u00e3o. \u201cTudo que leva a um aprimoramento do tr\u00e2nsito, visando a conscientiza\u00e7\u00e3o das pessoas para uma maior educa\u00e7\u00e3o e seguran\u00e7a tem apoio do prefeito J\u00fanior da Femac\u201d, pontua Mendes.<br \/>\nForam volunt\u00e1rios no ato os agentes Felipe Augusto Rosa, Guilherme Clavero Miquel\u00e3o, Lucas Zaqui e Bruna Camillotto. O chefe da 16\u00aa Regional de Sa\u00fade, m\u00e9dico Altimar Carletto, enalteceu a ideia. \u201cInfelizmente, nos acidentes de tr\u00e2nsito muitas vidas s\u00e3o ceifadas. O Hemon\u00facleo, como repositor de sangue aos hospitais, precisa sempre estar com estoque em dia, por isso ficamos muito agradecidos por esta a\u00e7\u00e3o que conclama Apucarana e toda a regi\u00e3o para este ato de altru\u00edsmo, que \u00e9 a doa\u00e7\u00e3o de sangue. Tamb\u00e9m refor\u00e7amos para que haja uma maior conscientiza\u00e7\u00e3o no tr\u00e2nsito, pois se n\u00e3o tivermos v\u00edtimas a necessidade por sangue \u00e9 menor\u201d, comentou Dr. Altimar.<br \/>\nAtualmente, o Hemon\u00facleo de Apucarana capta cerca de 600 doa\u00e7\u00f5es ao m\u00eas. Uma bolsa de sangue pode salvar at\u00e9 quatro vidas. Podem doar pessoas com idade entre 16 e 69 anos (menor de idade acompanhado pelo respons\u00e1vel legal), que estejam em boas condi\u00e7\u00f5es de sa\u00fade e tenham no m\u00ednimo 50 quilos. O Hemon\u00facleo fica na Avenida Corifeu de Azevedo Marques, 501, pr\u00f3ximo ao Samu e Complexo do Lago\u00e3o. O telefone de contato \u00e9 o 3420-4200.<br \/>\nMaio Amarelo \u2013 A programa\u00e7\u00e3o do Movimento Maio Amarelo tem continuidade neste s\u00e1bado (04\/05), das 9 \u00e0s 10 horas, na \u00e1rea central, onde est\u00e1 prevista a realiza\u00e7\u00e3o de um passeio cicl\u00edstico organizado pela Associa\u00e7\u00e3o Terra Brasil dos Ciclistas de Apucarana.<br \/>\nNo dia 11, das 9 \u00e0s 11 horas, na Pra\u00e7a Rui Barbosa, a Associa\u00e7\u00e3o dos Deficientes F\u00edsicos de Apucarana (Adefiap) promove um evento de conscientiza\u00e7\u00e3o com a presen\u00e7a de cadeirantes. No dia 18, das 9 \u00e0s 10 horas, na \u00e1rea central, o \u201cMaio Amarelo\u201d prev\u00ea passeio motocicl\u00edstico organizado pelo motoclube de Apucarana.<br \/>\n\u201cNo dia 25, das 9 \u00e0s 11 horas, na Pra\u00e7a Rui Barbosa, iremos promover uma simula\u00e7\u00e3o de acidente de tr\u00e2nsito, onde a popula\u00e7\u00e3o poder\u00e1 acompanhar toda din\u00e2mica que envolve o trabalho de resgate \u00e0s v\u00edtimas\u201d, conta Mendes. A programa\u00e7\u00e3o do movimento ser\u00e1 encerrada no dia 27 de maio, das 14h30 \u00e0s 16 horas, com blitz educativa na \u00e1rea central. \u201cA inten\u00e7\u00e3o \u00e9 que esse grupo de entidades se mantenha mobilizado ap\u00f3s o Maio Amarelo para que o Conselho Municipal de Tr\u00e2nsito seja reativado\u201d, finaliza Mendes. Ele explica que o m\u00eas de maio foi fixado em 2011, quando a ONU decretou a D\u00e9cada de A\u00e7\u00e3o para Seguran\u00e7a no Tr\u00e2nsito. O amarelo simboliza aten\u00e7\u00e3o e tamb\u00e9m a sinaliza\u00e7\u00e3o e advert\u00eancia no tr\u00e2nsito.<br \/>\nSobre \u2013 Uma organiza\u00e7\u00e3o da Prefeitura de Apucarana, atrav\u00e9s do Idepplan, o Movimento Maio Amarelo tem apoio da Guarda Municipal de Apucarana, 10\u00ba Batalh\u00e3o da Pol\u00edcia Militar do Paran\u00e1, 11\u00ba Grupamento do Corpo de Bombeiros do Paran\u00e1, Hemepar, Adefiap, Associa\u00e7\u00e3o Terra Brasil dos Ciclistas de Apucarana, Detran Paran\u00e1, Fecom\u00e9rcio PR, Samu, Senac e auto-escolas.<\/p>\n","protected":false},"excerpt":{"rendered":"<p>Atividades que visam chamar a aten\u00e7\u00e3o da popula\u00e7\u00e3o sobre acidentes e mortes no tr\u00e2nsito seguem ao longo do m\u00eas com passeio cicl\u00edstico e motocicl\u00edstico, simula\u00e7\u00e3o de acidente, blitz educativa, entre outras a\u00e7\u00f5es (Foto: Profeta)<\/p>\n","protected":false},"author":4,"featured_media":23387,"comment_status":"closed","ping_status":"open","sticky":false,"template":"","format":"standard","meta":{"footnotes":""},"categories":[24],"tags":[],"class_list":["post-23384","post","type-post","status-publish","format-standard","has-post-thumbnail","hentry","category-noticias"],"acf":[],"_links":{"self":[{"href":"http:\/\/www.apucarana.pr.gov.br\/site\/wp-json\/wp\/v2\/posts\/23384","targetHints":{"allow":["GET"]}}],"collection":[{"href":"http:\/\/www.apucarana.pr.gov.br\/site\/wp-json\/wp\/v2\/posts"}],"about":[{"href":"http:\/\/www.apucarana.pr.gov.br\/site\/wp-json\/wp\/v2\/types\/post"}],"author":[{"embeddable":true,"href":"http:\/\/www.apucarana.pr.gov.br\/site\/wp-json\/wp\/v2\/users\/4"}],"replies":[{"embeddable":true,"href":"http:\/\/www.apucarana.pr.gov.br\/site\/wp-json\/wp\/v2\/comments?post=23384"}],"version-history":[{"count":1,"href":"http:\/\/www.apucarana.pr.gov.br\/site\/wp-json\/wp\/v2\/posts\/23384\/revisions"}],"predecessor-version":[{"id":100514,"href":"http:\/\/www.apucarana.pr.gov.br\/site\/wp-json\/wp\/v2\/posts\/23384\/revisions\/100514"}],"wp:featuredmedia":[{"embeddable":true,"href":"http:\/\/www.apucarana.pr.gov.br\/site\/wp-json\/"}],"wp:attachment":[{"href":"http:\/\/www.apucarana.pr.gov.br\/site\/wp-json\/wp\/v2\/media?parent=23384"}],"wp:term":[{"taxonomy":"category","embeddable":true,"href":"http:\/\/www.apucarana.pr.gov.br\/site\/wp-json\/wp\/v2\/categories?post=23384"},{"taxonomy":"post_tag","embeddable":true,"href":"http:\/\/www.apucarana.pr.gov.br\/site\/wp-json\/wp\/v2\/tags?post=23384"}],"curies":[{"name":"wp","href":"https:\/\/api.w.org\/{rel}","templated":true}]}}