{"id":23381,"date":"2019-05-03T06:57:21","date_gmt":"2019-05-03T09:57:21","guid":{"rendered":"http:\/\/172.16.0.7\/site-antigo\/?p=23381"},"modified":"2024-10-08T09:19:18","modified_gmt":"2024-10-08T12:19:18","slug":"amanha-e-o-dia-d-da-vacina-contra-gripe","status":"publish","type":"post","link":"http:\/\/www.apucarana.pr.gov.br\/site\/amanha-e-o-dia-d-da-vacina-contra-gripe\/","title":{"rendered":"Amanh\u00e3 \u00e9 o Dia D da Vacina Contra Gripe"},"content":{"rendered":"<p>A prefeitura de Apucarana, atrav\u00e9s da Autarquia Municipal de Sa\u00fade (AMS), vai abrir 27 Unidades B\u00e1sicas de Sa\u00fade amanh\u00e3 (4), no Dia D da Campanha Nacional de Vacina\u00e7\u00e3o Contra a Gripe. Neste s\u00e1bado, as doses da vacina v\u00e3o estar \u00e0 disposi\u00e7\u00e3o da popula\u00e7\u00e3o entre 8 horas e 17 horas.<br \/>\nA abertura oficial em Apucarana ser\u00e1 na Unidade B\u00e1sica de Sa\u00fade (UBS) Maria do Caf\u00e9, no Jardim Ponta Grossa, \u00e0s 9 horas. \u201cA vacina vai estar \u00e0 disposi\u00e7\u00e3o da popula\u00e7\u00e3o em 27 UBSs, incluindo aquelas que normalmente n\u00e3o fazem vacina\u00e7\u00e3o. Portanto, neste s\u00e1bado, as doses da vacina contra gripe tamb\u00e9m ser\u00e3o ofertadas nas UBS Julia Reczkowski, do N\u00facleo Habitacional Marcos Freire; UBS Rute Eug\u00eanio, do Jardim Vale Verde; UBS Jo\u00e3o Marioto, na Vila Formosa; e Elayne Mazur, no Jardim Interlagos. Apenas a UBS Philipe Weckewerth, no Jardim Milani, e Unidades de Apoio da Sa\u00fade, estar\u00e3o fechadas no pr\u00f3ximo s\u00e1bado\u201d, informa o diretor presidente de AMS, Roberto Kaneta.<br \/>\nA meta em Apucarana \u00e9 vacinar 40.480, mas at\u00e9 o momento o porcentual de cobertura est\u00e1 em 30%. O prefeito Junior da Femac faz um chamamento \u00e0 popula\u00e7\u00e3o para aproveitar a abertura das UBSs neste s\u00e1bado e se prevenir contra a gripe. \u201cEstamos colocando uma ampla estrutura de atendimento num s\u00e1bado, facilitando a ida de cada um \u00e0 unidade de sa\u00fade mais pr\u00f3xima de sua casa. Esse cuidado com a sa\u00fade salva vidas\u201d, conclama Junior da Femac.<br \/>\nA vacina\u00e7\u00e3o contra a gripe \u00e9 destinada aos grupos priorit\u00e1rios formados por idosos (a partir de 60 anos); crian\u00e7as 6 meses a 6 anos incompletos; gestantes; trabalhadores de sa\u00fade; povos ind\u00edgenas; pu\u00e9rperas (mulheres at\u00e9 45 ap\u00f3s o parto); professores, pessoas portadoras de doen\u00e7as cr\u00f4nicas e outras categorias de risco cl\u00ednico; popula\u00e7\u00e3o privada de liberdade, incluindo adolescentes e jovens de 12 a 21 anos de idade sob medidas socioeducativas; funcion\u00e1rios do sistema prisional; e profissionais das for\u00e7as de seguran\u00e7a e salvamento (policiais civis e militares, bombeiros e membros ativos das For\u00e7as Armadas).<br \/>\nA Campanha Nacional de Vacina\u00e7\u00e3o Contra a Gripe teve in\u00edcio no dia 10 de abril em todo o pa\u00eds e termina dia 31 de maio. No primeiro momento, foram priorizadas as crian\u00e7as, pu\u00e9rpera e gestantes. A vacina\u00e7\u00e3o est\u00e1 aberta para todos os p\u00fablicos alvo desde o dia 22 de abril.<br \/>\nNeste ano, at\u00e9 20 de abril, foram registrados 427 casos de S\u00edndrome Respirat\u00f3ria Aguda Grave (SRAG) por influenza em todo o pa\u00eds, com 81 \u00f3bitos.<br \/>\n&nbsp;<\/p>\n","protected":false},"excerpt":{"rendered":"<p>Em Apucarana, 27 UBSs ficam abertas neste s\u00e1bado, entre 8 horas e 17 horas (Foto &#8211; Profeta)<\/p>\n","protected":false},"author":4,"featured_media":23376,"comment_status":"closed","ping_status":"open","sticky":false,"template":"","format":"standard","meta":{"footnotes":""},"categories":[24],"tags":[],"class_list":["post-23381","post","type-post","status-publish","format-standard","has-post-thumbnail","hentry","category-noticias"],"acf":[],"_links":{"self":[{"href":"http:\/\/www.apucarana.pr.gov.br\/site\/wp-json\/wp\/v2\/posts\/23381","targetHints":{"allow":["GET"]}}],"collection":[{"href":"http:\/\/www.apucarana.pr.gov.br\/site\/wp-json\/wp\/v2\/posts"}],"about":[{"href":"http:\/\/www.apucarana.pr.gov.br\/site\/wp-json\/wp\/v2\/types\/post"}],"author":[{"embeddable":true,"href":"http:\/\/www.apucarana.pr.gov.br\/site\/wp-json\/wp\/v2\/users\/4"}],"replies":[{"embeddable":true,"href":"http:\/\/www.apucarana.pr.gov.br\/site\/wp-json\/wp\/v2\/comments?post=23381"}],"version-history":[{"count":1,"href":"http:\/\/www.apucarana.pr.gov.br\/site\/wp-json\/wp\/v2\/posts\/23381\/revisions"}],"predecessor-version":[{"id":100512,"href":"http:\/\/www.apucarana.pr.gov.br\/site\/wp-json\/wp\/v2\/posts\/23381\/revisions\/100512"}],"wp:featuredmedia":[{"embeddable":true,"href":"http:\/\/www.apucarana.pr.gov.br\/site\/wp-json\/"}],"wp:attachment":[{"href":"http:\/\/www.apucarana.pr.gov.br\/site\/wp-json\/wp\/v2\/media?parent=23381"}],"wp:term":[{"taxonomy":"category","embeddable":true,"href":"http:\/\/www.apucarana.pr.gov.br\/site\/wp-json\/wp\/v2\/categories?post=23381"},{"taxonomy":"post_tag","embeddable":true,"href":"http:\/\/www.apucarana.pr.gov.br\/site\/wp-json\/wp\/v2\/tags?post=23381"}],"curies":[{"name":"wp","href":"https:\/\/api.w.org\/{rel}","templated":true}]}}