{"id":23348,"date":"2019-05-02T13:20:08","date_gmt":"2019-05-02T16:20:08","guid":{"rendered":"http:\/\/172.16.0.7\/site-antigo\/?p=23348"},"modified":"2024-10-08T09:19:19","modified_gmt":"2024-10-08T12:19:19","slug":"torneio-1o-de-maio-define-campeoes","status":"publish","type":"post","link":"http:\/\/www.apucarana.pr.gov.br\/site\/torneio-1o-de-maio-define-campeoes\/","title":{"rendered":"Torneio 1\u00ba de Maio define campe\u00f5es"},"content":{"rendered":"<p>Em comemora\u00e7\u00e3o ao Dia do Trabalhador, ocorreram no feriado desta quarta-feira as finais do tradicional Torneio 1\u00ba de Maio. As partidas decisivas nas diversas categorias foram disputadas nos campos da T\u00eaxtil, Z\u00e9 Rico e da UTFPR. Com a participa\u00e7\u00e3o de mais de 1.400 atletas, a competi\u00e7\u00e3o foi realizada nas categorias sub-12, 14 e 16 e tamb\u00e9m no adulto (feminino e masculino).<br \/>\nO prefeito Junior da Femac destacou o grande n\u00famero de participantes e a confraterniza\u00e7\u00e3o que marcou o Dia do Trabalhador. \u201cAs partidas finais tiveram retorno ao campo Hairton Santos, antigo \u00a0Z\u00e9 Rico, local que j\u00e1 sediou por 16 vezes as finais do torneio, sendo por isso j\u00e1 tradicionalmente conhecida como a casa do futebol amador no Munic\u00edpio de Apucarana\u201d, ressalta Junior da Femac.<br \/>\nDe acordo com a secret\u00e1ria municipal de Esportes e Lazer, Jossuela Martins, as fases classificat\u00f3rias ocorreram nos dias 14\/04 e 28\/04, enquanto as finais aconteceram no feriado da \u00faltima quarta-feira. \u201cNo sub-12, o campe\u00e3o foi o Projeto Atleta Nota 10, enquanto no sub-14 o t\u00edtulo ficou com o Col\u00e9gio S\u00e3o Jos\u00e9\u201d, informa Jossuela, acrescentando que na categoria sub-16 o t\u00edtulo ficou com a equipe do Col\u00e9gio S\u00e3o Jos\u00e9.<br \/>\nJ\u00e1 no adulto, as decis\u00f5es ocorreram no feminino e no masculino. No feminino, a equipe do Col\u00e9gio S\u00e3o Jos\u00e9 \u201cC\u201d sagrou-se campe\u00e3. O Torneio 1\u00ba de maio foi encerrado com a final\u00edssima do adulto masculino, quando a equipe do Jardim Ponta Grossa sagrou-se campe\u00e3 ao vencer a equipe da Associa\u00e7\u00e3o Atl\u00e9tica Tancredo Neves.<br \/>\nNo masculino adulto, o torneio teve ao todo 47 equipes participantes e duas fases classificat\u00f3rias. A partida final foi arbitrada por Nilo Neves de Souza J\u00fanior. Ele foi Auxiliado por Cleiton Vitorino e Juliana \u00c2ngelo. Participaram da cerim\u00f4nia de entrega da premia\u00e7\u00e3o, a secret\u00e1ria Jossuela Pinheiro, o vereador Gentil Perreira e o deputado estadual \u00a0Arilson Chiorato (PT).<\/p>\n","protected":false},"excerpt":{"rendered":"<p>No adulto masculino, a equipe do Jardim Ponta Grossa sagrou-se campe\u00e3 ao vencer a Associa\u00e7\u00e3o Atl\u00e9tica Tancredo Neves. (Fotos: Josias Profeta)<\/p>\n","protected":false},"author":4,"featured_media":23369,"comment_status":"closed","ping_status":"open","sticky":false,"template":"","format":"standard","meta":{"footnotes":""},"categories":[24],"tags":[],"class_list":["post-23348","post","type-post","status-publish","format-standard","has-post-thumbnail","hentry","category-noticias"],"acf":[],"_links":{"self":[{"href":"http:\/\/www.apucarana.pr.gov.br\/site\/wp-json\/wp\/v2\/posts\/23348","targetHints":{"allow":["GET"]}}],"collection":[{"href":"http:\/\/www.apucarana.pr.gov.br\/site\/wp-json\/wp\/v2\/posts"}],"about":[{"href":"http:\/\/www.apucarana.pr.gov.br\/site\/wp-json\/wp\/v2\/types\/post"}],"author":[{"embeddable":true,"href":"http:\/\/www.apucarana.pr.gov.br\/site\/wp-json\/wp\/v2\/users\/4"}],"replies":[{"embeddable":true,"href":"http:\/\/www.apucarana.pr.gov.br\/site\/wp-json\/wp\/v2\/comments?post=23348"}],"version-history":[{"count":1,"href":"http:\/\/www.apucarana.pr.gov.br\/site\/wp-json\/wp\/v2\/posts\/23348\/revisions"}],"predecessor-version":[{"id":100515,"href":"http:\/\/www.apucarana.pr.gov.br\/site\/wp-json\/wp\/v2\/posts\/23348\/revisions\/100515"}],"wp:featuredmedia":[{"embeddable":true,"href":"http:\/\/www.apucarana.pr.gov.br\/site\/wp-json\/"}],"wp:attachment":[{"href":"http:\/\/www.apucarana.pr.gov.br\/site\/wp-json\/wp\/v2\/media?parent=23348"}],"wp:term":[{"taxonomy":"category","embeddable":true,"href":"http:\/\/www.apucarana.pr.gov.br\/site\/wp-json\/wp\/v2\/categories?post=23348"},{"taxonomy":"post_tag","embeddable":true,"href":"http:\/\/www.apucarana.pr.gov.br\/site\/wp-json\/wp\/v2\/tags?post=23348"}],"curies":[{"name":"wp","href":"https:\/\/api.w.org\/{rel}","templated":true}]}}