{"id":23335,"date":"2019-04-30T16:27:23","date_gmt":"2019-04-30T19:27:23","guid":{"rendered":"http:\/\/172.16.0.7\/site-antigo\/?p=23335"},"modified":"2024-10-08T09:19:19","modified_gmt":"2024-10-08T12:19:19","slug":"saude-convoca-mais-15-aprovados-em-concurso","status":"publish","type":"post","link":"http:\/\/www.apucarana.pr.gov.br\/site\/saude-convoca-mais-15-aprovados-em-concurso\/","title":{"rendered":"Sa\u00fade convoca mais 15 aprovados em concurso\u00a0"},"content":{"rendered":"<p>A Autarquia Municipal de Sa\u00fade (AMS), de Apucarana, est\u00e1 convocando mais 15 aprovados no concurso p\u00fablico de 2018. O novo chamamento \u00e9 para os cargos de motorista (3), assistente administrativo (5), farmac\u00eautico (4), assistente social (1), terapeuta ocupacional (1), e veterin\u00e1rio (1).<br \/>\nO edital de convoca\u00e7\u00e3o de aprovados est\u00e1 sendo publicado na edi\u00e7\u00e3o desta quarta-feira (1) do di\u00e1rio oficial do munic\u00edpio, o jornal Tribuna do Norte, bem como no site da prefeitura\u00a0<a href=\"http:\/\/www.apucarana.pr.gov.br\/\">www.apucarana.pr.gov.br<\/a>. Todos os convocados devem se apresentar no dia 7 de maio, \u00e0s 9 horas no Departamento de Recursos Humanos da AMS e a previs\u00e3o de assumirem seus cargos na rede p\u00fablica de sa\u00fade \u00e9 no decorrer do m\u00eas de maio.<br \/>\nH\u00e1 apenas 40 dias a AMS convocou outros 33 aprovados em concursos de 2017 e 2018, para os cargos de dentista, enfermeiro, t\u00e9cnico de enfermagem, farmac\u00eautico e agente comunit\u00e1rio de sa\u00fade. \u201cEm pouco mais de um m\u00eas o refor\u00e7o na equipe de servidores da sa\u00fade foi de 48 profissionais. \u00c9 mais uma demonstra\u00e7\u00e3o do investimento da gest\u00e3o Beto Preto na sa\u00fade, marcada tamb\u00e9m por constru\u00e7\u00f5es de novas UBSs, al\u00e9m de reformas e amplia\u00e7\u00f5es nas 34 unidades de sa\u00fade j\u00e1 existentes\u201d, destaca o prefeito Junior da Femac.<br \/>\nA atual gest\u00e3o promoveu tr\u00eas concursos na Autarquia de Sa\u00fade, em 2014, 2017 e 2018. Neste per\u00edodo foram convocados 120 aprovados entre m\u00e9dicos, dentistas, enfermeiros, t\u00e9cnicos de enfermagem, atendente de consult\u00f3rio dent\u00e1rio, atendente de farm\u00e1cia, guardas de endemias, farmac\u00eauticos e agentes comunit\u00e1rios de sa\u00fade.<br \/>\n&nbsp;<br \/>\n&nbsp;<br \/>\n&nbsp;<br \/>\n&nbsp;<br \/>\n&nbsp;<br \/>\n&nbsp;<br \/>\n&nbsp;<br \/>\n&nbsp;<\/p>\n","protected":false},"excerpt":{"rendered":"<p>Autarquia de Sa\u00fade convoca concursados para cargos de motorista, assistente administrativo, farmac\u00eautico, assistente social, terapeuta ocupacional e veterin\u00e1rio\u00a0(Foto &#8211; Profeta)<\/p>\n","protected":false},"author":4,"featured_media":23336,"comment_status":"closed","ping_status":"open","sticky":false,"template":"","format":"standard","meta":{"footnotes":""},"categories":[24],"tags":[],"class_list":["post-23335","post","type-post","status-publish","format-standard","has-post-thumbnail","hentry","category-noticias"],"acf":[],"_links":{"self":[{"href":"http:\/\/www.apucarana.pr.gov.br\/site\/wp-json\/wp\/v2\/posts\/23335","targetHints":{"allow":["GET"]}}],"collection":[{"href":"http:\/\/www.apucarana.pr.gov.br\/site\/wp-json\/wp\/v2\/posts"}],"about":[{"href":"http:\/\/www.apucarana.pr.gov.br\/site\/wp-json\/wp\/v2\/types\/post"}],"author":[{"embeddable":true,"href":"http:\/\/www.apucarana.pr.gov.br\/site\/wp-json\/wp\/v2\/users\/4"}],"replies":[{"embeddable":true,"href":"http:\/\/www.apucarana.pr.gov.br\/site\/wp-json\/wp\/v2\/comments?post=23335"}],"version-history":[{"count":1,"href":"http:\/\/www.apucarana.pr.gov.br\/site\/wp-json\/wp\/v2\/posts\/23335\/revisions"}],"predecessor-version":[{"id":100517,"href":"http:\/\/www.apucarana.pr.gov.br\/site\/wp-json\/wp\/v2\/posts\/23335\/revisions\/100517"}],"wp:featuredmedia":[{"embeddable":true,"href":"http:\/\/www.apucarana.pr.gov.br\/site\/wp-json\/"}],"wp:attachment":[{"href":"http:\/\/www.apucarana.pr.gov.br\/site\/wp-json\/wp\/v2\/media?parent=23335"}],"wp:term":[{"taxonomy":"category","embeddable":true,"href":"http:\/\/www.apucarana.pr.gov.br\/site\/wp-json\/wp\/v2\/categories?post=23335"},{"taxonomy":"post_tag","embeddable":true,"href":"http:\/\/www.apucarana.pr.gov.br\/site\/wp-json\/wp\/v2\/tags?post=23335"}],"curies":[{"name":"wp","href":"https:\/\/api.w.org\/{rel}","templated":true}]}}