{"id":23331,"date":"2019-04-30T13:44:12","date_gmt":"2019-04-30T16:44:12","guid":{"rendered":"http:\/\/172.16.0.7\/site-antigo\/?p=23331"},"modified":"2024-10-08T09:19:19","modified_gmt":"2024-10-08T12:19:19","slug":"biblioteca-municipal-promove-mes-do-perdao","status":"publish","type":"post","link":"http:\/\/www.apucarana.pr.gov.br\/site\/biblioteca-municipal-promove-mes-do-perdao\/","title":{"rendered":"Biblioteca municipal promove \u201cm\u00eas do perd\u00e3o\u201d"},"content":{"rendered":"<p>A PROMATUR- Secretaria Municipal de Promo\u00e7\u00e3o Art\u00edstica, Cultural e Tur\u00edstica de Apucarana, atrav\u00e9s da Biblioteca P\u00fablica Prof. Olga Antunes Pedroso (Biblioteca do 28), realiza at\u00e9 o dia 31 de Maio o &#8220;M\u00eas do Perd\u00e3o&#8221;. A a\u00e7\u00e3o visa dar oportunidade para todos os leitores que possuem livros do acervo em atraso na devolu\u00e7\u00e3o, para que possam entregar os mesmos sem penalidades de suspens\u00e3o.<br \/>\nA mesma a\u00e7\u00e3o se estende aos leitores da Biblioteca da Pra\u00e7a CEU, no Jardim Am\u00e9rica. O atendimento na Biblioteca Municipal \u00e9 de segunda \u00e0 sexta-feira, das 8 \u00e0s 17 horass, sem intervalo para o almo\u00e7o: Rua Clot\u00e1rio Portugal &#8211; Pra\u00e7a 28 de Janeiro.<br \/>\nO atendimento na Biblioteca da Pra\u00e7a CEU \u00e9 de segunda \u00e0 sexta-feira, das 13 \u00e0s 18 horas, e aos s\u00e1bados, das 8 \u00e0s 12 horas: Avenida Central do Paran\u00e1, 1420 &#8211; Jardim Am\u00e9rica.<br \/>\nMais informa\u00e7\u00f5es pelo telefone 3425-2823.<\/p>\n","protected":false},"excerpt":{"rendered":"<p>Aten\u00e7\u00e3o voc\u00ea que tem empr\u00e9stimo de livros com a Biblioteca Municipal de Apucarana, cuja devolu\u00e7\u00e3o est\u00e1 em atraso (Foto: Edson Denobi\/arquivo)<\/p>\n","protected":false},"author":4,"featured_media":23332,"comment_status":"closed","ping_status":"open","sticky":false,"template":"","format":"standard","meta":{"footnotes":""},"categories":[24],"tags":[],"class_list":["post-23331","post","type-post","status-publish","format-standard","has-post-thumbnail","hentry","category-noticias"],"acf":[],"_links":{"self":[{"href":"http:\/\/www.apucarana.pr.gov.br\/site\/wp-json\/wp\/v2\/posts\/23331","targetHints":{"allow":["GET"]}}],"collection":[{"href":"http:\/\/www.apucarana.pr.gov.br\/site\/wp-json\/wp\/v2\/posts"}],"about":[{"href":"http:\/\/www.apucarana.pr.gov.br\/site\/wp-json\/wp\/v2\/types\/post"}],"author":[{"embeddable":true,"href":"http:\/\/www.apucarana.pr.gov.br\/site\/wp-json\/wp\/v2\/users\/4"}],"replies":[{"embeddable":true,"href":"http:\/\/www.apucarana.pr.gov.br\/site\/wp-json\/wp\/v2\/comments?post=23331"}],"version-history":[{"count":1,"href":"http:\/\/www.apucarana.pr.gov.br\/site\/wp-json\/wp\/v2\/posts\/23331\/revisions"}],"predecessor-version":[{"id":100518,"href":"http:\/\/www.apucarana.pr.gov.br\/site\/wp-json\/wp\/v2\/posts\/23331\/revisions\/100518"}],"wp:featuredmedia":[{"embeddable":true,"href":"http:\/\/www.apucarana.pr.gov.br\/site\/wp-json\/"}],"wp:attachment":[{"href":"http:\/\/www.apucarana.pr.gov.br\/site\/wp-json\/wp\/v2\/media?parent=23331"}],"wp:term":[{"taxonomy":"category","embeddable":true,"href":"http:\/\/www.apucarana.pr.gov.br\/site\/wp-json\/wp\/v2\/categories?post=23331"},{"taxonomy":"post_tag","embeddable":true,"href":"http:\/\/www.apucarana.pr.gov.br\/site\/wp-json\/wp\/v2\/tags?post=23331"}],"curies":[{"name":"wp","href":"https:\/\/api.w.org\/{rel}","templated":true}]}}