{"id":23306,"date":"2019-04-30T10:08:15","date_gmt":"2019-04-30T13:08:15","guid":{"rendered":"http:\/\/172.16.0.7\/site-antigo\/?p=23306"},"modified":"2024-10-08T09:19:19","modified_gmt":"2024-10-08T12:19:19","slug":"apucarana-vence-as-categorias-menores-da-prova-tiradentes","status":"publish","type":"post","link":"http:\/\/www.apucarana.pr.gov.br\/site\/apucarana-vence-as-categorias-menores-da-prova-tiradentes\/","title":{"rendered":"Apucarana vence as categorias  menores da Prova Tiradentes"},"content":{"rendered":"<p>A equipe de Apucarana ficou com o primeiro lugar na classifica\u00e7\u00e3o geral das categorias menores da 45\u00aa Prova Tiradentes, disputada no domingo em Maring\u00e1. A delega\u00e7\u00e3o de Apucarana esteve representada por 15 atletas, de escolas municipais e da Secretaria Municipal de Esportes e Lazer.<br \/>\nNo masculino, os principais destaques foram Guilherme Henrique da Silva Barbosa, que ficou em 1\u00ba lugar na categoria sub-14 e Yohan Gabriel Brandino de Oliveira, que conquistou o 2\u00ba lugar na sub-11. J\u00e1 no feminino, \u00a0Isabela Vit\u00f3ria da Silva Gon\u00e7alves ficou em 1\u00ba lugar na categoria sub-11, enquanto Andrelize Vit\u00f3ria Pereira da Cruz ficou\u00a0em\u00a03\u00ba lugar tamb\u00e9m na sub-11.<br \/>\n\u201cTodos os nossos atletas se superaram, o que garantiu para a equipe de Apucarana o primeiro lugar na classifica\u00e7\u00e3o geral\u201d, comemora o prefeito de Apucarana, Junior da Femac. \u201cO incentivo \u00e0s categorias de base iniciou com a gest\u00e3o Beto Preto e estamos dando continuidade. J\u00e1 come\u00e7amos a colher os frutos deste trabalho com mais este excelente resultado\u201d, frisa Junior da Femac.<br \/>\nOs treinamentos e a participa\u00e7\u00e3o em competi\u00e7\u00f5es ocorrem atrav\u00e9s de um trabalho em conjunto entre a Autarquia Municipal de Educa\u00e7\u00e3o e a Secretaria Municipal de Esportes e Lazer. \u201cA equipe de Apucarana esteve representada por atletas da Secretaria de Esportes e das escolas municipais Durval Pinto, Jos\u00e9 de Alencar e Augusto Weyand\u201d, informa a secret\u00e1ria de Esportes, Jossuela Pinheiro.<br \/>\nOs atletas viajaram a Maring\u00e1 acompanhados pelos t\u00e9cnicos Jos\u00e9 Marcelino da Silva (Grillo) e Maicon Diego. \u201cA corrida teve um percurso\u00a0 de\u00a0 350 metros para a categoria baby (sub-8), de 700 metros para a categoria sub-11, de 1.200 metros para a categoria sub-14 e de 4 quil\u00f4metros para as categorias sub-16 e sub-18\u201d, detalha o t\u00e9cnico Grillo.<br \/>\n&nbsp;<br \/>\n<strong><u>CATEGORIA SUB 11 \u2013 MASCULINO<\/u><\/strong><\/p>\n<table>\n<tbody>\n<tr>\n<td width=\"120\"><strong>CLASSIFICA\u00c7\u00c3O<\/strong><\/td>\n<td width=\"284\"><strong>NOME DO ATLETA<\/strong><\/td>\n<td width=\"132\"><strong>\u00a0<\/strong><\/td>\n<\/tr>\n<tr>\n<td width=\"120\">2\u00ba<\/td>\n<td width=\"284\">YOHAN GABRIEL BRANDINO DE OLIVEIRA<\/td>\n<td width=\"132\">DURVAL PINTO<\/td>\n<\/tr>\n<\/tbody>\n<\/table>\n<p><strong><u>\u00a0<\/u><\/strong><br \/>\n<strong><u>CATEGORIA SUB 11 \u2013 FEMININO<\/u><\/strong><\/p>\n<table>\n<tbody>\n<tr>\n<td width=\"105\"><strong>CLASSIFICA\u00c7\u00d5ES<\/strong><\/td>\n<td width=\"299\"><strong>NOME DO ATLETA<\/strong><\/td>\n<td width=\"132\"><strong>\u00a0<\/strong><\/td>\n<\/tr>\n<tr>\n<td width=\"105\">1\u00aa<\/td>\n<td width=\"299\">ISABELA VITORIA DA SILVA GON\u00c7ALVES<\/td>\n<td width=\"132\">JOS\u00c9 DE ALENCAR<\/td>\n<\/tr>\n<tr>\n<td width=\"105\">3\u00aa<\/td>\n<td width=\"299\">ANDRELIZE VITORIA PEREIRA DA CRUZ<\/td>\n<td width=\"132\">DURVAL PINTO<\/td>\n<\/tr>\n<\/tbody>\n<\/table>\n<p><strong>\u00a0<\/strong><br \/>\n<strong><u>CATEGORIA SUB 14 \u2013 MASCULINO<\/u><\/strong><\/p>\n<table>\n<tbody>\n<tr>\n<td width=\"132\"><strong>CLASSIFICA\u00c7\u00d5ES<\/strong><\/td>\n<td width=\"272\"><strong>NOME DO ATLETA<\/strong><\/td>\n<td width=\"132\"><strong>\u00a0<\/strong><\/td>\n<\/tr>\n<tr>\n<td width=\"132\">1\u00ba<\/td>\n<td width=\"272\">GUILHERME HENRIQUE DA SILVA BARBOSA<\/td>\n<td width=\"132\">SEC. DE ESPORTES<\/td>\n<\/tr>\n<tr>\n<td width=\"132\">4\u00ba<\/td>\n<td width=\"272\">PEDRO HENRICH MACHADO DE OLIVEIRA<\/td>\n<td width=\"132\">AUGUSTO WEAND<\/td>\n<\/tr>\n<tr>\n<td width=\"132\">7\u00ba<\/td>\n<td width=\"272\">JOS\u00c9 VITOR RIBEIRO<\/td>\n<td width=\"132\">SEC. DE ESPORTES<\/td>\n<\/tr>\n<tr>\n<td width=\"132\">8\u00ba<\/td>\n<td width=\"272\">LUIZ HENRIQUE STIGARE DA SILVA<\/td>\n<td width=\"132\">SEC. DE ESPORTES<\/td>\n<\/tr>\n<tr>\n<td width=\"132\">9\u00ba<\/td>\n<td width=\"272\">THALIS HENRIQUE MARIOTTO M. FERNANDES<\/td>\n<td width=\"132\">SEC. DE ESPORTES<\/td>\n<\/tr>\n<\/tbody>\n<\/table>\n<p><strong><u>\u00a0<\/u><\/strong><br \/>\n<strong><u>CATEGORIA SUB 14 \u2013 FEMININO<\/u><\/strong><\/p>\n<table>\n<tbody>\n<tr>\n<td width=\"105\"><strong>CLASSIFICA\u00c7\u00d5ES<\/strong><\/td>\n<td width=\"299\"><strong>NOME DO ATLETA<\/strong><\/td>\n<td width=\"132\"><strong>\u00a0<\/strong><\/td>\n<\/tr>\n<tr>\n<td width=\"105\">4\u00aa<\/td>\n<td width=\"299\">ANNY BEATRIZ T. MIRANDA<\/td>\n<td width=\"132\">SEC. DE ESPORETES<\/td>\n<\/tr>\n<tr>\n<td width=\"105\">5\u00aa<\/td>\n<td width=\"299\">MARIA EDUARDA DE ARAUJO LIMA<\/td>\n<td width=\"132\">SEC. DE ESPORETES<\/td>\n<\/tr>\n<tr>\n<td width=\"105\">9\u00aa<\/td>\n<td width=\"299\">RAISSA EDUARDA MARIOTTO M. FERNANDES<\/td>\n<td width=\"132\">SEC. DE ESPORETES<\/td>\n<\/tr>\n<tr>\n<td width=\"105\">12\u00aa<\/td>\n<td width=\"299\">LUIZA FREITAS<\/td>\n<td width=\"132\">SEC. DE ESPORETES<\/td>\n<\/tr>\n<\/tbody>\n<\/table>\n<p><strong><u>\u00a0<\/u><\/strong><br \/>\n<strong><u>CATEGORIA SUB 16 \u2013 MASCULINO<\/u><\/strong><\/p>\n<table>\n<tbody>\n<tr>\n<td width=\"105\"><strong>CLASSIFICA\u00c7\u00d5ES<\/strong><\/td>\n<td width=\"299\"><strong>NOME DO ATLETA<\/strong><\/td>\n<td width=\"132\"><strong>\u00a0<\/strong><\/td>\n<\/tr>\n<tr>\n<td width=\"105\">10\u00ba<\/td>\n<td width=\"299\">EDGAR TOMAZ FONSECA<\/td>\n<td width=\"132\">SEC. DE ESPORETES<\/td>\n<\/tr>\n<\/tbody>\n<\/table>\n<p><strong><u>\u00a0<\/u><\/strong><br \/>\n<strong><u>CATEGORIA SUB 18 \u2013 MASCULINO<\/u><\/strong><\/p>\n<table>\n<tbody>\n<tr>\n<td width=\"105\"><strong>CLASSIFICA\u00c7\u00d5ES<\/strong><\/td>\n<td width=\"299\"><strong>NOME DO ATLETA<\/strong><\/td>\n<td width=\"132\"><strong>\u00a0<\/strong><\/td>\n<\/tr>\n<tr>\n<td width=\"105\">8\u00ba<\/td>\n<td width=\"299\">VITOR HUGO ALVES DE OLIVEIRA<\/td>\n<td width=\"132\">SEC. DE ESPORETES<\/td>\n<\/tr>\n<\/tbody>\n<\/table>\n<p><strong><u>\u00a0<\/u><\/strong><br \/>\n<strong><u>CATEGORIA SUB 18 \u2013 FEMININO<\/u><\/strong><\/p>\n<table>\n<tbody>\n<tr>\n<td width=\"105\"><strong>CLASSIFICA\u00c7\u00d5ES<\/strong><\/td>\n<td width=\"299\"><strong>NOME DO ATLETA<\/strong><\/td>\n<td width=\"132\"><strong>\u00a0<\/strong><\/td>\n<\/tr>\n<tr>\n<td width=\"105\">8\u00aa<\/td>\n<td width=\"299\">HELLEN VICTORIA DE OLIVEIRA GON\u00c7ALVES<\/td>\n<td width=\"132\">SEC. DE ESPORETES<\/td>\n<\/tr>\n<\/tbody>\n<\/table>\n<p>&nbsp;<\/p>\n","protected":false},"excerpt":{"rendered":"<p>A equipe da Secretaria de Esportes e das escolas municipais foi campe\u00e3 geral na tradicional prova disputada no domingo, em Maring\u00e1. <\/p>\n","protected":false},"author":4,"featured_media":23310,"comment_status":"closed","ping_status":"open","sticky":false,"template":"","format":"standard","meta":{"footnotes":""},"categories":[24],"tags":[],"class_list":["post-23306","post","type-post","status-publish","format-standard","has-post-thumbnail","hentry","category-noticias"],"acf":[],"_links":{"self":[{"href":"http:\/\/www.apucarana.pr.gov.br\/site\/wp-json\/wp\/v2\/posts\/23306","targetHints":{"allow":["GET"]}}],"collection":[{"href":"http:\/\/www.apucarana.pr.gov.br\/site\/wp-json\/wp\/v2\/posts"}],"about":[{"href":"http:\/\/www.apucarana.pr.gov.br\/site\/wp-json\/wp\/v2\/types\/post"}],"author":[{"embeddable":true,"href":"http:\/\/www.apucarana.pr.gov.br\/site\/wp-json\/wp\/v2\/users\/4"}],"replies":[{"embeddable":true,"href":"http:\/\/www.apucarana.pr.gov.br\/site\/wp-json\/wp\/v2\/comments?post=23306"}],"version-history":[{"count":1,"href":"http:\/\/www.apucarana.pr.gov.br\/site\/wp-json\/wp\/v2\/posts\/23306\/revisions"}],"predecessor-version":[{"id":100520,"href":"http:\/\/www.apucarana.pr.gov.br\/site\/wp-json\/wp\/v2\/posts\/23306\/revisions\/100520"}],"wp:featuredmedia":[{"embeddable":true,"href":"http:\/\/www.apucarana.pr.gov.br\/site\/wp-json\/"}],"wp:attachment":[{"href":"http:\/\/www.apucarana.pr.gov.br\/site\/wp-json\/wp\/v2\/media?parent=23306"}],"wp:term":[{"taxonomy":"category","embeddable":true,"href":"http:\/\/www.apucarana.pr.gov.br\/site\/wp-json\/wp\/v2\/categories?post=23306"},{"taxonomy":"post_tag","embeddable":true,"href":"http:\/\/www.apucarana.pr.gov.br\/site\/wp-json\/wp\/v2\/tags?post=23306"}],"curies":[{"name":"wp","href":"https:\/\/api.w.org\/{rel}","templated":true}]}}