{"id":23296,"date":"2019-04-29T17:34:51","date_gmt":"2019-04-29T20:34:51","guid":{"rendered":"http:\/\/172.16.0.7\/site-antigo\/?p=23296"},"modified":"2024-10-08T09:19:19","modified_gmt":"2024-10-08T12:19:19","slug":"prefeito-decreta-luto-oficial-pela-morte-de-acyr-iwankiw","status":"publish","type":"post","link":"http:\/\/www.apucarana.pr.gov.br\/site\/prefeito-decreta-luto-oficial-pela-morte-de-acyr-iwankiw\/","title":{"rendered":"Prefeito decreta luto oficial pela morte de Acyr Iwankiw"},"content":{"rendered":"<p>Faleceu na madrugada de ontem (28) o cartor\u00e1rio Acyr Iwankiw, aos 88 anos, titular do 2\u00ba Tabelionato de Notas da Comarca de Apucarana. O Dr. Acyr tamb\u00e9m exerceu mandato de vereador na 8\u00aa legislatura da C\u00e2mara Municipal de Apucarana, no per\u00edodo de 1977 a 1983. Ele vinha sofrendo problemas respirat\u00f3rios e n\u00e3o estava trabalhando h\u00e1 alguns anos.<br \/>\nAcyr Iwankiw deixa a esposa Maria Erani Fabiano Iwankiw, os filhos Rog\u00e9rio, Acyr Iwankiw Junior, Celso, Celeine e M\u00e1rcio Iwankiw, al\u00e9m de um vasto c\u00edrculo de amigos no munic\u00edpio. O vel\u00f3rio est\u00e1 ocorrendo na capela central de Apucarana e ao final do dia, o corpo ser\u00e1 levado para ser cremado em Londrina.<br \/>\n\u201cConsiderando a lament\u00e1vel perda do pioneiro e ex-vereador de Apucarana, Senhor Acyr Iwankiw; os in\u00fameros e inestim\u00e1veis servi\u00e7os prestados \u00e0 nossa comunidade, na qualidade de profissional dedicado, sendo uns dos primeiros oficiais de cart\u00f3rios a atuar em nosso Munic\u00edpio, decretamos luto oficial por tr\u00eas dias no Munic\u00edpio, em homenagem p\u00f3stuma\u201d, justificou o prefeito Junior da Femac.<br \/>\nSegundo ele, \u201c\u00e9 dever do Poder P\u00fablico Municipal render justas homenagens \u00e0queles que com o seu trabalho, seu exemplo e sua dedica\u00e7\u00e3o, contribu\u00edram para o bem-estar da coletividade\u201d, concluiu.  <\/p>\n","protected":false},"excerpt":{"rendered":"<p>Segundo ele, \u201c\u00e9 dever do Poder P\u00fablico Municipal render justas homenagens \u00e0queles que com o seu trabalho, seu exemplo e sua dedica\u00e7\u00e3o, contribu\u00edram para o bem-estar da coletividade\u201d (Foto: divulga\u00e7\u00e3o)<\/p>\n","protected":false},"author":4,"featured_media":0,"comment_status":"closed","ping_status":"open","sticky":false,"template":"","format":"standard","meta":{"footnotes":""},"categories":[24],"tags":[],"class_list":["post-23296","post","type-post","status-publish","format-standard","hentry","category-noticias"],"acf":[],"_links":{"self":[{"href":"http:\/\/www.apucarana.pr.gov.br\/site\/wp-json\/wp\/v2\/posts\/23296","targetHints":{"allow":["GET"]}}],"collection":[{"href":"http:\/\/www.apucarana.pr.gov.br\/site\/wp-json\/wp\/v2\/posts"}],"about":[{"href":"http:\/\/www.apucarana.pr.gov.br\/site\/wp-json\/wp\/v2\/types\/post"}],"author":[{"embeddable":true,"href":"http:\/\/www.apucarana.pr.gov.br\/site\/wp-json\/wp\/v2\/users\/4"}],"replies":[{"embeddable":true,"href":"http:\/\/www.apucarana.pr.gov.br\/site\/wp-json\/wp\/v2\/comments?post=23296"}],"version-history":[{"count":1,"href":"http:\/\/www.apucarana.pr.gov.br\/site\/wp-json\/wp\/v2\/posts\/23296\/revisions"}],"predecessor-version":[{"id":100522,"href":"http:\/\/www.apucarana.pr.gov.br\/site\/wp-json\/wp\/v2\/posts\/23296\/revisions\/100522"}],"wp:attachment":[{"href":"http:\/\/www.apucarana.pr.gov.br\/site\/wp-json\/wp\/v2\/media?parent=23296"}],"wp:term":[{"taxonomy":"category","embeddable":true,"href":"http:\/\/www.apucarana.pr.gov.br\/site\/wp-json\/wp\/v2\/categories?post=23296"},{"taxonomy":"post_tag","embeddable":true,"href":"http:\/\/www.apucarana.pr.gov.br\/site\/wp-json\/wp\/v2\/tags?post=23296"}],"curies":[{"name":"wp","href":"https:\/\/api.w.org\/{rel}","templated":true}]}}