{"id":23145,"date":"2019-04-22T17:14:45","date_gmt":"2019-04-22T20:14:45","guid":{"rendered":"http:\/\/172.16.0.7\/site-antigo\/?p=23145"},"modified":"2024-10-08T09:18:14","modified_gmt":"2024-10-08T12:18:14","slug":"cmei-do-colonial-e-furtado-pela-3a-vez-neste-ano","status":"publish","type":"post","link":"http:\/\/www.apucarana.pr.gov.br\/site\/cmei-do-colonial-e-furtado-pela-3a-vez-neste-ano\/","title":{"rendered":"CMEI do \u201cColonial\u201d \u00e9 furtado pela 3\u00aa vez neste ano"},"content":{"rendered":"<p>O Centro Municipal de Educa\u00e7\u00e3o Infantil (CMEI) Geralda Siqueira Bormaita, do Jardim Colonial, foi invadido novamente por criminosos no \u00faltimo final de semana. Pela terceira vez em um per\u00edodo de tr\u00eas meses, eles furtaram toda a fia\u00e7\u00e3o el\u00e9trica do pr\u00e9dio. As aulas est\u00e3o suspensas at\u00e9 que a energia seja restabelecida.<br \/>\nO prefeito Junior da Femac e a secret\u00e1ria municipal de educa\u00e7\u00e3o Marli Fernandes estiveram no local, na manh\u00e3 de hoje (22), verificando a dimens\u00e3o dos preju\u00edzos. \u201c\u00c9 um caso que nos deixa profundamente tristes e indignados. A pessoa que faz isso n\u00e3o sabe a import\u00e2ncia que as creches t\u00eam na vida das crian\u00e7as e das m\u00e3es trabalhadoras. Em mar\u00e7o, n\u00f3s j\u00e1 gastamos cerca de R$ 40 mil para consertar o sistema el\u00e9trico do pr\u00e9dio. O dano dessa vez foi ainda maior,\u201d afirmou o gestor.<br \/>\nAs imagens das c\u00e2meras de seguran\u00e7a, que registraram a a\u00e7\u00e3o, foram encaminhadas \u00e0 pol\u00edcia. \u201cEu j\u00e1 conversei com o delegado, Dr. Gustavo Dante, e com o comandante do 10\u00ba Batalh\u00e3o de Pol\u00edcia Militar, Major Roberto Cardoso, e solicitei que eles atuem com firmeza e rapidez nas investiga\u00e7\u00f5es. Eu aproveito para pedir tamb\u00e9m o apoio da comunidade do Jardim Colonial. Se algu\u00e9m conhece esses meliantes, n\u00e3o deixe de denunciar,\u201d acrescentou o prefeito.<br \/>\nJ\u00e1 a secret\u00e1ria Marli Fernandes relatou como ficar\u00e1 o atendimento \u00e0s crian\u00e7as nos pr\u00f3ximos dias. \u201cNa \u00faltima vez que isso aconteceu, n\u00f3s mantivemos as aulas mesmo durante as obras. Mas, as pr\u00f3prias fam\u00edlias reclamaram do transtorno. Ent\u00e3o, agora, n\u00f3s estamos pedindo \u00e0s m\u00e3es que puderem para ficar com seus filhos em casa. Vagas nos CMEIs Vila Nova e Um Lugar ao Sol (CAIC) ser\u00e3o abertas apenas para quem n\u00e3o tiver com quem deixar as crian\u00e7as,\u201d explicou.<br \/>\nAs equipes de eletricistas da Prefeitura de Apucarana e da Autarquia Municipal de Educa\u00e7\u00e3o devem trabalhar em conjunto para que as obras do CMEI Geralda Bormaita sejam conclu\u00eddas o mais r\u00e1pido poss\u00edvel. \u201cEsse crime n\u00e3o causa preju\u00edzos somente para essa unidade de ensino, mas para toda a cidade. Afinal, n\u00f3s precisaremos parar os servi\u00e7os de manuten\u00e7\u00e3o de outros pr\u00e9dios p\u00fablicos e empenhar os nossos profissionais nesse conserto que \u00e9 emergencial\u201d, argumenta o prefeito Junior da Femac.<\/p>\n","protected":false},"excerpt":{"rendered":"<p>O atendimento \u00e0s crian\u00e7as est\u00e1 suspenso at\u00e9 que a energia seja restabelecida no pr\u00e9dio (Fotos: Profeta)<\/p>\n","protected":false},"author":4,"featured_media":23153,"comment_status":"closed","ping_status":"open","sticky":false,"template":"","format":"standard","meta":{"footnotes":""},"categories":[24],"tags":[53,44,193,39],"class_list":["post-23145","post","type-post","status-publish","format-standard","has-post-thumbnail","hentry","category-noticias","tag-educacao","tag-ensino-publico","tag-furto-em-creche","tag-prefeitura-de-apucarana"],"acf":[],"_links":{"self":[{"href":"http:\/\/www.apucarana.pr.gov.br\/site\/wp-json\/wp\/v2\/posts\/23145","targetHints":{"allow":["GET"]}}],"collection":[{"href":"http:\/\/www.apucarana.pr.gov.br\/site\/wp-json\/wp\/v2\/posts"}],"about":[{"href":"http:\/\/www.apucarana.pr.gov.br\/site\/wp-json\/wp\/v2\/types\/post"}],"author":[{"embeddable":true,"href":"http:\/\/www.apucarana.pr.gov.br\/site\/wp-json\/wp\/v2\/users\/4"}],"replies":[{"embeddable":true,"href":"http:\/\/www.apucarana.pr.gov.br\/site\/wp-json\/wp\/v2\/comments?post=23145"}],"version-history":[{"count":1,"href":"http:\/\/www.apucarana.pr.gov.br\/site\/wp-json\/wp\/v2\/posts\/23145\/revisions"}],"predecessor-version":[{"id":100539,"href":"http:\/\/www.apucarana.pr.gov.br\/site\/wp-json\/wp\/v2\/posts\/23145\/revisions\/100539"}],"wp:featuredmedia":[{"embeddable":true,"href":"http:\/\/www.apucarana.pr.gov.br\/site\/wp-json\/"}],"wp:attachment":[{"href":"http:\/\/www.apucarana.pr.gov.br\/site\/wp-json\/wp\/v2\/media?parent=23145"}],"wp:term":[{"taxonomy":"category","embeddable":true,"href":"http:\/\/www.apucarana.pr.gov.br\/site\/wp-json\/wp\/v2\/categories?post=23145"},{"taxonomy":"post_tag","embeddable":true,"href":"http:\/\/www.apucarana.pr.gov.br\/site\/wp-json\/wp\/v2\/tags?post=23145"}],"curies":[{"name":"wp","href":"https:\/\/api.w.org\/{rel}","templated":true}]}}