{"id":23115,"date":"2019-04-18T18:09:07","date_gmt":"2019-04-18T21:09:07","guid":{"rendered":"http:\/\/172.16.0.7\/site-antigo\/?p=23115"},"modified":"2024-10-08T09:18:14","modified_gmt":"2024-10-08T12:18:14","slug":"prefeitura-de-apucarana-entrega-caixas-de-bombons-aos-alunos-da-rede-municipal-de-ensino","status":"publish","type":"post","link":"http:\/\/www.apucarana.pr.gov.br\/site\/prefeitura-de-apucarana-entrega-caixas-de-bombons-aos-alunos-da-rede-municipal-de-ensino\/","title":{"rendered":"Prefeitura de Apucarana entrega caixas de bombons  aos alunos da rede municipal de ensino"},"content":{"rendered":"<p>Na manh\u00e3 desta quinta-feira (18), o prefeito Junior da Femac e a secret\u00e1ria de educa\u00e7\u00e3o Marli Fernandes acompanharam a entrega das caixas de bombons, que foram adquiridas por ocasi\u00e3o da P\u00e1scoa, para os mais de 12 mil alunos que da rede municipal de ensino. Eles estiveram no CMEI Irm\u00e3 Dulce, localizado no Parque Bigua\u00e7u, e na Escola Dr. Edson Giacomini, situada no N\u00facleo Afonso Alves de Camargo.<br \/>\n\u201cA oferta dos chocolates \u00e0s crian\u00e7as j\u00e1 \u00e9 um costume em Apucarana, sendo realizada anualmente desde 2013. Os pequenos aguardam ansiosamente. Al\u00e9m disso, durante a semana que antecede essa festa crist\u00e3, os professores s\u00e3o orientados a organizar diversas atividades l\u00fadicas que trabalhem os s\u00edmbolos e o verdadeiro significado da P\u00e1scoa\u201d, afirma a secret\u00e1ria.<br \/>\nO prefeito Junior da Femac ressaltou a excel\u00eancia dos produtos entregues aos estudantes. \u201cGra\u00e7as ao empenho da equipe de licita\u00e7\u00e3o, n\u00f3s conseguimos adquirir chocolates de \u00f3tima qualidade. A op\u00e7\u00e3o por caixas de bombons foi feita para que as crian\u00e7as possam vivenciar a experi\u00eancia da partilha com seus pais, irm\u00e3os e av\u00f3s.\u201d<br \/>\nOs alunos que possuem restri\u00e7\u00f5es alimentares, como diabetes, fenilceton\u00faria e intoler\u00e2ncia ao gl\u00faten ou \u00e0 lactose, tamb\u00e9m foram presenteados. \u201cEles receberam barras de chocolate espec\u00edficas, ado\u00e7adas com st\u00e9via e zero milk,\u201d explicou uma das nutricionistas da Autarquia Municipal de Educa\u00e7\u00e3o, Fernanda Carreiro.<br \/>\nO valor investido na aquisi\u00e7\u00e3o das guloseimas somou R$ 105.390,00. \u201cEu aproveito a oportunidade para desejar uma P\u00e1scoa aben\u00e7oada a todas as fam\u00edlias apucaranenses. Que a paz, a harmonia e o amor estejam sempre presentes em nossos lares\u201d disse o prefeito.<br \/>\nParticiparam tamb\u00e9m da entrega dos chocolates, o vereador Gentil Pereira; a chefe do N\u00facleo Regional de Educa\u00e7\u00e3o (NRE) de Apucarana, Cristiane Pablos Rossetti; e os secret\u00e1rios municipais Nikolai Cernescu, La\u00e9rcio de Moraes e Paulo Vital.<\/p>\n","protected":false},"excerpt":{"rendered":"<p>O valor investido na compra dos chocolates, para mais de 12 mil crian\u00e7as, foi de R$ 105 mil (Fotos: Profeta)<\/p>\n","protected":false},"author":4,"featured_media":23129,"comment_status":"closed","ping_status":"open","sticky":false,"template":"","format":"standard","meta":{"footnotes":""},"categories":[24],"tags":[191,53,192,39],"class_list":["post-23115","post","type-post","status-publish","format-standard","has-post-thumbnail","hentry","category-noticias","tag-chocolates","tag-educacao","tag-pascoa","tag-prefeitura-de-apucarana"],"acf":[],"_links":{"self":[{"href":"http:\/\/www.apucarana.pr.gov.br\/site\/wp-json\/wp\/v2\/posts\/23115","targetHints":{"allow":["GET"]}}],"collection":[{"href":"http:\/\/www.apucarana.pr.gov.br\/site\/wp-json\/wp\/v2\/posts"}],"about":[{"href":"http:\/\/www.apucarana.pr.gov.br\/site\/wp-json\/wp\/v2\/types\/post"}],"author":[{"embeddable":true,"href":"http:\/\/www.apucarana.pr.gov.br\/site\/wp-json\/wp\/v2\/users\/4"}],"replies":[{"embeddable":true,"href":"http:\/\/www.apucarana.pr.gov.br\/site\/wp-json\/wp\/v2\/comments?post=23115"}],"version-history":[{"count":1,"href":"http:\/\/www.apucarana.pr.gov.br\/site\/wp-json\/wp\/v2\/posts\/23115\/revisions"}],"predecessor-version":[{"id":100542,"href":"http:\/\/www.apucarana.pr.gov.br\/site\/wp-json\/wp\/v2\/posts\/23115\/revisions\/100542"}],"wp:featuredmedia":[{"embeddable":true,"href":"http:\/\/www.apucarana.pr.gov.br\/site\/wp-json\/"}],"wp:attachment":[{"href":"http:\/\/www.apucarana.pr.gov.br\/site\/wp-json\/wp\/v2\/media?parent=23115"}],"wp:term":[{"taxonomy":"category","embeddable":true,"href":"http:\/\/www.apucarana.pr.gov.br\/site\/wp-json\/wp\/v2\/categories?post=23115"},{"taxonomy":"post_tag","embeddable":true,"href":"http:\/\/www.apucarana.pr.gov.br\/site\/wp-json\/wp\/v2\/tags?post=23115"}],"curies":[{"name":"wp","href":"https:\/\/api.w.org\/{rel}","templated":true}]}}