{"id":23026,"date":"2019-04-15T11:22:43","date_gmt":"2019-04-15T14:22:43","guid":{"rendered":"http:\/\/172.16.0.7\/site-antigo\/?p=23026"},"modified":"2024-10-08T09:18:16","modified_gmt":"2024-10-08T12:18:16","slug":"prefeitura-viabiliza-sede-para-o-centro-de-apoio-ao-surdo","status":"publish","type":"post","link":"http:\/\/www.apucarana.pr.gov.br\/site\/prefeitura-viabiliza-sede-para-o-centro-de-apoio-ao-surdo\/","title":{"rendered":"Prefeitura viabiliza sede para o Centro de Apoio ao Surdo"},"content":{"rendered":"<p>A Prefeitura de Apucarana vai arcar com os custos de loca\u00e7\u00e3o de um im\u00f3vel, localizado em \u00e1rea central, onde funcionar\u00e1 o Centro de Apoio ao Surdo e aos Profissionais da Educa\u00e7\u00e3o de Surdos do Paran\u00e1. A parceria foi confirmada pelo prefeito Junior da Femac, em reuni\u00e3o com a chefe do N\u00facleo Regional de Educa\u00e7\u00e3o (NRE), Cristiane Ces\u00e1ria Pablos Rossetti.<br \/>\nO encontro ocorreu nesta segunda-feira (15\/04), no gabinete municipal, e teve a participa\u00e7\u00e3o da equipe t\u00e9cnica do NRE e tamb\u00e9m do secret\u00e1rio municipal de Gest\u00e3o P\u00fablica, Nicolai Cernescu Junior, que ir\u00e1 encaminhar os tr\u00e2mites burocr\u00e1ticos necess\u00e1rios para a loca\u00e7\u00e3o.<br \/>\nO prefeito destaca que j\u00e1 h\u00e1 im\u00f3vel em vista, com tamanho adequado e que seriam necess\u00e1rios apenas alguns ajustes, como a implanta\u00e7\u00e3o de um banheiro adaptado para portadores de necessidades especiais. \u201cApucarana recebe com muita alegria este centro, pois \u00e9 uma cidade que busca a inclus\u00e3o e neste sentido adotamos o conceito de desenvolver a cidade do bairro para o centro, de maneira que todos se sintam atendidos e acolhidos\u201d, frisa.<br \/>\nEsse ser\u00e1 o sexto Centro de Apoio ao Surdo no Estado, que atender\u00e1 os n\u00facleos regionais de educa\u00e7\u00e3o de Apucarana, Corn\u00e9lio Proc\u00f3pio, Ibaiti, Jacarezinho, Londrina, Maring\u00e1, Tel\u00eamaco Borba e Wenceslau Braz. \u201cA \u00e1rea de abrang\u00eancia do centro ser\u00e1 de mais de 100 munic\u00edpios, onde existem cerca de 5 mil pessoas surdas\u201d, observa Junior da Femac.<br \/>\nOs centros s\u00e3o espa\u00e7os dedicados \u00e0 capacita\u00e7\u00e3o de tradutores e int\u00e9rpretes de L\u00edngua Brasileira de Sinais (Libras) e professores bil\u00edngues surdos e ouvintes. \u201cApucarana j\u00e1 se destaca nesta \u00e1rea, sendo a cidade que tem mais professores int\u00e9rpretes entre os 16 munic\u00edpios de abrang\u00eancia do N\u00facleo Regional de Educa\u00e7\u00e3o de Apucarana. Agora, com esse centro de atendimento, se consolida ainda mais como refer\u00eancia de inclus\u00e3o dos surdos\u201d, ressalta Junior da Femac.<br \/>\nDe acordo com a chefe do N\u00facleo Regional de Educa\u00e7\u00e3o de Apucarana, Cristiane Ces\u00e1ria Pablos Rossetti, os cursos de capacita\u00e7\u00e3o s\u00e3o ofertados preferencialmente a profissionais da rede estadual, mas tamb\u00e9m est\u00e3o dispon\u00edveis para professores de outras redes e comunidade escolar.<br \/>\nDe acordo com a parceria, a Prefeitura de Apucarana viabilizar\u00e1 o im\u00f3vel enquanto o governo do Estado arcar\u00e1 com toda a equipe de profissionais e materiais para o desenvolvimento das atividades. \u201cO Centro de Apoio ao Surdo vai organizar as suas atividades em n\u00facleos de atua\u00e7\u00e3o, abrangendo a capacita\u00e7\u00e3o, atendimento educacional especializado, apoio did\u00e1tico-pedag\u00f3gico e tecnol\u00f3gico, pesquisa e conviv\u00eancia\u201d, explica Cristiane.<\/p>\n","protected":false},"excerpt":{"rendered":"<p>Esse ser\u00e1 o sexto Centro de Apoio ao Surdo no Estado, que atender\u00e1 os n\u00facleos regionais de educa\u00e7\u00e3o de Apucarana, Corn\u00e9lio Proc\u00f3pio, Ibaiti, Jacarezinho, Londrina, Maring\u00e1, Tel\u00eamaco Borba e Wenceslau Braz (Foto: Profeta)<\/p>\n","protected":false},"author":4,"featured_media":23028,"comment_status":"closed","ping_status":"open","sticky":false,"template":"","format":"standard","meta":{"footnotes":""},"categories":[24],"tags":[],"class_list":["post-23026","post","type-post","status-publish","format-standard","has-post-thumbnail","hentry","category-noticias"],"acf":[],"_links":{"self":[{"href":"http:\/\/www.apucarana.pr.gov.br\/site\/wp-json\/wp\/v2\/posts\/23026","targetHints":{"allow":["GET"]}}],"collection":[{"href":"http:\/\/www.apucarana.pr.gov.br\/site\/wp-json\/wp\/v2\/posts"}],"about":[{"href":"http:\/\/www.apucarana.pr.gov.br\/site\/wp-json\/wp\/v2\/types\/post"}],"author":[{"embeddable":true,"href":"http:\/\/www.apucarana.pr.gov.br\/site\/wp-json\/wp\/v2\/users\/4"}],"replies":[{"embeddable":true,"href":"http:\/\/www.apucarana.pr.gov.br\/site\/wp-json\/wp\/v2\/comments?post=23026"}],"version-history":[{"count":1,"href":"http:\/\/www.apucarana.pr.gov.br\/site\/wp-json\/wp\/v2\/posts\/23026\/revisions"}],"predecessor-version":[{"id":100557,"href":"http:\/\/www.apucarana.pr.gov.br\/site\/wp-json\/wp\/v2\/posts\/23026\/revisions\/100557"}],"wp:featuredmedia":[{"embeddable":true,"href":"http:\/\/www.apucarana.pr.gov.br\/site\/wp-json\/"}],"wp:attachment":[{"href":"http:\/\/www.apucarana.pr.gov.br\/site\/wp-json\/wp\/v2\/media?parent=23026"}],"wp:term":[{"taxonomy":"category","embeddable":true,"href":"http:\/\/www.apucarana.pr.gov.br\/site\/wp-json\/wp\/v2\/categories?post=23026"},{"taxonomy":"post_tag","embeddable":true,"href":"http:\/\/www.apucarana.pr.gov.br\/site\/wp-json\/wp\/v2\/tags?post=23026"}],"curies":[{"name":"wp","href":"https:\/\/api.w.org\/{rel}","templated":true}]}}