{"id":23022,"date":"2019-04-15T17:18:17","date_gmt":"2019-04-15T20:18:17","guid":{"rendered":"http:\/\/172.16.0.7\/site-antigo\/?p=23022"},"modified":"2024-10-08T09:18:15","modified_gmt":"2024-10-08T12:18:15","slug":"botao-do-panico-sera-lancado-em-apucarana","status":"publish","type":"post","link":"http:\/\/www.apucarana.pr.gov.br\/site\/botao-do-panico-sera-lancado-em-apucarana\/","title":{"rendered":"Bot\u00e3o do P\u00e2nico ser\u00e1 lan\u00e7ado em Apucarana"},"content":{"rendered":"<p>Resultado de um conv\u00eanio celebrado entre o Estado do Paran\u00e1 e o Munic\u00edpio de Apucarana, por meio da Secretaria da Mulher e Assuntos da Fam\u00edlia, o \u201cBot\u00e3o do P\u00e2nico\u201d ser\u00e1 lan\u00e7ado nesta ter\u00e7a-feira (16\/4), em evento previsto para as 8h30, no sal\u00e3o nobre da prefeitura. O fornecimento do dispositivo de seguran\u00e7a preventiva ser\u00e1 garantido \u00e0s mulheres em situa\u00e7\u00e3o de viol\u00eancia dom\u00e9stica e que possuem medidas protetivas de urg\u00eancia.<br \/>\nA capacita\u00e7\u00e3o de cerca de 50 profissionais, que atuar\u00e3o diretamente no atendimento do projeto, ser\u00e1 iniciada de imediato. Estes profissionais s\u00e3o da 1\u00aa e 2\u00aa Varas Criminais, Minist\u00e9rio P\u00fablico, Delegacia da Mulher, 17\u00aa Subdivis\u00e3o Policial e Guarda Municipal (GM). Todos os integrantes da GM estar\u00e3o envolvidos, j\u00e1 que ser\u00e3o eles que far\u00e3o o atendimento quando o bot\u00e3o do p\u00e2nico for acionado. Al\u00e9m disso, a equipe do Centro de Atendimento \u00e0 Mulher (CAM) tamb\u00e9m ir\u00e1 atuar no servi\u00e7o, prestando \u00e0s mulheres atendimento interdisciplinar planejado.<br \/>\nO prefeito Junior da Femac explica que a prefeitura, por meio da Secretaria da Mulher, encaminhou todos os procedimentos legais necess\u00e1rios para a implanta\u00e7\u00e3o do Bot\u00e3o do P\u00e2nico. \u201cCom a nossa ades\u00e3o ao uso deste dispositivo, estamos dando um sinal claro para a sociedade apucaranense de que estaremos vigilantes em rela\u00e7\u00e3o \u00e0 viol\u00eancia contra a mulher\u201d, assinala Junior da Femac.<br \/>\nPara a secret\u00e1ria da Mulher, Denise Canesin Machado, o lan\u00e7amento do \u201cBot\u00e3o do P\u00e2nico\u201d \u00e9 o coroamento de uma s\u00e9rie de articula\u00e7\u00f5es que a secretaria vem fazendo no sentido de prote\u00e7\u00e3o \u00e0 mulher em situa\u00e7\u00e3o de viol\u00eancia. \u201cO bot\u00e3o do p\u00e2nico \u00e9 mais uma conquista que a gest\u00e3o obteve, disponibilizando um equipamento de prote\u00e7\u00e3o \u00e0 mulher em situa\u00e7\u00e3o de viol\u00eancia dom\u00e9stica. Sabemos que \u00e9 uma situa\u00e7\u00e3o delicada, que a mulher se encontra em um ciclo de viol\u00eancia dom\u00e9stica e intrafamiliar. Por isso a secretaria tem feito o poss\u00edvel no que tange \u00e0s articula\u00e7\u00f5es com outros organismos que tamb\u00e9m atendem \u00e0s mesmas necessidades. Agora estamos consolidando essas articula\u00e7\u00f5es com a implanta\u00e7\u00e3o do dispositivo\u201d, afirma.<\/p>\n","protected":false},"excerpt":{"rendered":"<p>Dispositivo de seguran\u00e7a preventiva pode ser acionado quando medidas protetivas forem descumpridas<\/p>\n","protected":false},"author":4,"featured_media":23023,"comment_status":"closed","ping_status":"open","sticky":false,"template":"","format":"standard","meta":{"footnotes":""},"categories":[24],"tags":[],"class_list":["post-23022","post","type-post","status-publish","format-standard","has-post-thumbnail","hentry","category-noticias"],"acf":[],"_links":{"self":[{"href":"http:\/\/www.apucarana.pr.gov.br\/site\/wp-json\/wp\/v2\/posts\/23022","targetHints":{"allow":["GET"]}}],"collection":[{"href":"http:\/\/www.apucarana.pr.gov.br\/site\/wp-json\/wp\/v2\/posts"}],"about":[{"href":"http:\/\/www.apucarana.pr.gov.br\/site\/wp-json\/wp\/v2\/types\/post"}],"author":[{"embeddable":true,"href":"http:\/\/www.apucarana.pr.gov.br\/site\/wp-json\/wp\/v2\/users\/4"}],"replies":[{"embeddable":true,"href":"http:\/\/www.apucarana.pr.gov.br\/site\/wp-json\/wp\/v2\/comments?post=23022"}],"version-history":[{"count":1,"href":"http:\/\/www.apucarana.pr.gov.br\/site\/wp-json\/wp\/v2\/posts\/23022\/revisions"}],"predecessor-version":[{"id":100554,"href":"http:\/\/www.apucarana.pr.gov.br\/site\/wp-json\/wp\/v2\/posts\/23022\/revisions\/100554"}],"wp:featuredmedia":[{"embeddable":true,"href":"http:\/\/www.apucarana.pr.gov.br\/site\/wp-json\/"}],"wp:attachment":[{"href":"http:\/\/www.apucarana.pr.gov.br\/site\/wp-json\/wp\/v2\/media?parent=23022"}],"wp:term":[{"taxonomy":"category","embeddable":true,"href":"http:\/\/www.apucarana.pr.gov.br\/site\/wp-json\/wp\/v2\/categories?post=23022"},{"taxonomy":"post_tag","embeddable":true,"href":"http:\/\/www.apucarana.pr.gov.br\/site\/wp-json\/wp\/v2\/tags?post=23022"}],"curies":[{"name":"wp","href":"https:\/\/api.w.org\/{rel}","templated":true}]}}