{"id":23015,"date":"2019-04-15T16:56:35","date_gmt":"2019-04-15T19:56:35","guid":{"rendered":"http:\/\/172.16.0.7\/site-antigo\/?p=23015"},"modified":"2024-10-08T09:18:15","modified_gmt":"2024-10-08T12:18:15","slug":"alunos-de-apucarana-obtem-bons-resultados-na-prova-parana","status":"publish","type":"post","link":"http:\/\/www.apucarana.pr.gov.br\/site\/alunos-de-apucarana-obtem-bons-resultados-na-prova-parana\/","title":{"rendered":"Alunos de Apucarana obt\u00eam bons resultados na Prova Paran\u00e1"},"content":{"rendered":"<p>Professores e os coordenadores das escolas municipais de Apucarana estiveram reunidos, hoje (15), no polo da Universidade Aberta do Brasil (UAB), para discutir os resultados da Prova Paran\u00e1. Os alunos do 5\u00ba ano do ensino fundamental foram submetidos ao teste no dia 13 de mar\u00e7o e acertaram 69,25% das quest\u00f5es de matem\u00e1tica e 64,85% das de l\u00edngua portuguesa.<br \/>\nCriada pela Secretaria de Estado da Educa\u00e7\u00e3o (SEED), em parceria com a Uni\u00e3o dos Dirigentes Municipais de Educa\u00e7\u00e3o (Undime-PR), os N\u00facleos Regionais de Educa\u00e7\u00e3o (NREs) e as Secretarias Municipais de Educa\u00e7\u00e3o (SMEs), a Prova Paran\u00e1 tem o objetivo de identificar as habilidades e dificuldades apresentadas pelos estudantes\u00a0 no processo de aprendizagem e contribuir para que gestores educacionais e professores elaborem, a partir das evid\u00eancias, novas e melhores estrat\u00e9gias de ensino.<br \/>\nA chefe do NRE de Apucarana, Cristiane Pablos Rossetti, congratulou os professores, coordenadores e diretores da rede municipal de ensino.\u00a0\u00a0 \u201cO resultado que voc\u00eas conquistaram nessa primeira edi\u00e7\u00e3o foi muito bom, est\u00e3o todos de parab\u00e9ns,\u201d disse.<br \/>\nSegundo a secret\u00e1ria municipal de educa\u00e7\u00e3o, Marli Fernandes, o desempenho positivo dos estudantes deve-se ao acompanhamento sistem\u00e1tico que eles recebem. \u201cDesde 2015,\u00a0 a AME faz uma avalia\u00e7\u00e3o diagn\u00f3stica pr\u00f3pria junto \u00e0s turmas 3\u00ba ano, para verificar se a alfabetiza\u00e7\u00e3o est\u00e1 ocorrendo na idade certa. As crian\u00e7as que apresentam dificuldades ganham apoio espec\u00edfico.\u00a0 Nesse sentido, a Prova Paran\u00e1 veio complementar um trabalho que j\u00e1 vem sendo realizado,\u201d afirmou.<br \/>\nA troca de experi\u00eancias entre a Autarquia Municipal de Educa\u00e7\u00e3o e o N\u00facleo Regional de Educa\u00e7\u00e3o foi enaltecida pelo prefeito de Apucarana, Junior da Femac. \u201cAl\u00e9m da aplica\u00e7\u00e3o da Prova Paran\u00e1, a proposta do Governo do Estado prev\u00ea o di\u00e1logo entre os professores das duas redes, por meio de diversos encontros de forma\u00e7\u00e3o continuada. Isso \u00e9 muito importante para que as melhores pr\u00e1ticas sejam compartilhadas e o ensino avance cada dia mais\u201d, comentou o prefeito, acrescentando que Apucarana est\u00e1 fazendo seu dever de casa.<\/p>\n","protected":false},"excerpt":{"rendered":"<p>As turmas de 5\u00ba ano foram submetidas ao teste e alcan\u00e7aram 69,25% de acertos nas quest\u00f5es de matem\u00e1tica e 64,85% nas de l\u00edngua portuguesa (Fotos: Profeta)<\/p>\n","protected":false},"author":4,"featured_media":23019,"comment_status":"closed","ping_status":"open","sticky":false,"template":"","format":"standard","meta":{"footnotes":""},"categories":[24],"tags":[53,92,39,190],"class_list":["post-23015","post","type-post","status-publish","format-standard","has-post-thumbnail","hentry","category-noticias","tag-educacao","tag-escolas-municipais","tag-prefeitura-de-apucarana","tag-prova-parana"],"acf":[],"_links":{"self":[{"href":"http:\/\/www.apucarana.pr.gov.br\/site\/wp-json\/wp\/v2\/posts\/23015","targetHints":{"allow":["GET"]}}],"collection":[{"href":"http:\/\/www.apucarana.pr.gov.br\/site\/wp-json\/wp\/v2\/posts"}],"about":[{"href":"http:\/\/www.apucarana.pr.gov.br\/site\/wp-json\/wp\/v2\/types\/post"}],"author":[{"embeddable":true,"href":"http:\/\/www.apucarana.pr.gov.br\/site\/wp-json\/wp\/v2\/users\/4"}],"replies":[{"embeddable":true,"href":"http:\/\/www.apucarana.pr.gov.br\/site\/wp-json\/wp\/v2\/comments?post=23015"}],"version-history":[{"count":1,"href":"http:\/\/www.apucarana.pr.gov.br\/site\/wp-json\/wp\/v2\/posts\/23015\/revisions"}],"predecessor-version":[{"id":100555,"href":"http:\/\/www.apucarana.pr.gov.br\/site\/wp-json\/wp\/v2\/posts\/23015\/revisions\/100555"}],"wp:featuredmedia":[{"embeddable":true,"href":"http:\/\/www.apucarana.pr.gov.br\/site\/wp-json\/"}],"wp:attachment":[{"href":"http:\/\/www.apucarana.pr.gov.br\/site\/wp-json\/wp\/v2\/media?parent=23015"}],"wp:term":[{"taxonomy":"category","embeddable":true,"href":"http:\/\/www.apucarana.pr.gov.br\/site\/wp-json\/wp\/v2\/categories?post=23015"},{"taxonomy":"post_tag","embeddable":true,"href":"http:\/\/www.apucarana.pr.gov.br\/site\/wp-json\/wp\/v2\/tags?post=23015"}],"curies":[{"name":"wp","href":"https:\/\/api.w.org\/{rel}","templated":true}]}}