{"id":22997,"date":"2019-04-13T11:40:52","date_gmt":"2019-04-13T14:40:52","guid":{"rendered":"http:\/\/172.16.0.7\/site-antigo\/?p=22997"},"modified":"2024-10-08T09:18:16","modified_gmt":"2024-10-08T12:18:16","slug":"mutirao-de-dermatologia-atende-200-pacientes-em-apucarana","status":"publish","type":"post","link":"http:\/\/www.apucarana.pr.gov.br\/site\/mutirao-de-dermatologia-atende-200-pacientes-em-apucarana\/","title":{"rendered":"Mutir\u00e3o de dermatologia atende 200 pacientes em Apucarana\u00a0"},"content":{"rendered":"<p>Inaugurado h\u00e1 pouco mais de um m\u00eas, o Ambulat\u00f3rio de Especialidades Dermatol\u00f3gicas, da Autarquia Municipal de Sa\u00fade (AMS) realiza neste s\u00e1bado (13) um mutir\u00e3o de consultas, com 200 atendimentos. O objetivo \u00e9 agilizar o servi\u00e7o prestado nesta \u00e1rea m\u00e9dica reduzindo o tempo da fila de espera, hoje com 1,7 mil pacientes.<br \/>\nCom aten\u00e7\u00e3o especial aos casos avaliados como priorit\u00e1rios da fila de espera, as consultas come\u00e7aram \u00e0s 8 horas e seguem at\u00e9 as 17 horas. O prefeito Junior da Femac, que acompanhou pessoalmente o atendimento na manh\u00e3 de hoje, reiterou a preocupa\u00e7\u00e3o da administra\u00e7\u00e3o, por meio da AMS, no sentido de buscar alternativas para garantir \u00e0 popula\u00e7\u00e3o o acesso ao atendimento dentro do menor prazo poss\u00edvel. \u201cA\u00e7\u00f5es como essa mostram que estamos empenhados a reduzir a fila de espera nesta importante especialidade\u201d, afirma Junior.<br \/>\nCoordenadora da Resid\u00eancia M\u00e9dica na Especialidade em Dermatologia e do Ambulat\u00f3rio de Dermatologia, L\u00edgia Martin, n\u00e3o descarta a possibilidade deste tipo de iniciativa se repetir em breve.\u00a0\u201cVamos tentar zerar a fila de espera num prazo de seis meses\u201d, planeja L\u00edgia.<br \/>\nTeresinha Gon\u00e7alves, 77 anos, residente na regi\u00e3o do Parque Bigua\u00e7u, esteve entre os pacientes atendidos na manh\u00e3 deste s\u00e1bado. Marquei a consulta por causa de manchas na pele e um tipo de alergia que tenho. \u201cSempre fui bem atendida na sa\u00fade do munic\u00edpio, mas hoje foi excelente\u201d, avalia Teresinha.<br \/>\nInaugurado no dia 8 de mar\u00e7o deste ano, o Ambulat\u00f3rio de Especialidades Dermatol\u00f3gicas est\u00e1 instalado no primeiro andar da AMS, ocupando uma \u00e1rea de 193 m\u00b2. O atendimento m\u00e9dico nesta \u00e1rea j\u00e1 \u00e9 anunciado como refer\u00eancia em toda regi\u00e3o devido \u00e0 soma de dois fatores: aparelhos modernos e uma equipe de profissionais altamente qualificada, incrementada ainda com atua\u00e7\u00e3o de residentes do Programa de Resid\u00eancia M\u00e9dica da AMS.<br \/>\nO ambulat\u00f3rio de dermatologia conta com o atendimento profissional das dermatologistas Caroline Cili\u00e3o e Ligia Martin, bem como dos quatro m\u00e9dicos do Programa de Resid\u00eancia M\u00e9dica em Dermatologia da Autarquia Municipal de Sa\u00fade, sendo que dois deles cursando o segundo ano desta especialidade e outros dois o primeiro ano.<br \/>\nInstalado num espa\u00e7o totalmente reformado, Ambulat\u00f3rio de Dermatologia possui sua estrutura de quatro consult\u00f3rios m\u00e9dicos; duas salas de pequenas cirurgias, com vesti\u00e1rio e sala de espera exclusiva; central de material esterilizado; e sala de fototerapia, com vesti\u00e1rio. A \u00e1rea de funcion\u00e1rios conta com sala de reuni\u00f5es, copa, WC exclusivo e almoxarifado. Ainda houve o investimento no mobili\u00e1rio, que \u00e9 totalmente novo.<br \/>\nOs equipamentos, por sua vez, s\u00e3o de \u00faltima gera\u00e7\u00e3o, incluindo a c\u00e2mara de fototerapia, microsc\u00f3pio, lupas, material cir\u00fargico. Indicado para tratamento de\u00a0 vitiligo, linfoma, psor\u00edase \u00a0e alguns tipos de dermatites A c\u00e2mara de fototerapia \u00e9 a \u00fanica p\u00fablica no norte do Paran\u00e1 e com ela s\u00e3o atendidos pacientes do Hospital do C\u00e2ncer de Londrina e do Cons\u00f3rcio Regional de Sa\u00fade, o Cisvir.<br \/>\nA nova estrutura na especialidade de dermatologia atendeu at\u00e9 o momento 441 pacientes, sendo realizadas 70 pequenas cirurgias e outros procedimentos.\u00a0O pr\u00e9dio da AMS tamb\u00e9m realizou neste s\u00e1bado atendimento nas especialidades vascular, ortopedia e endocrinologia.<br \/>\n&nbsp;<\/p>\n","protected":false},"excerpt":{"rendered":"<p>Ambulat\u00f3rio de Especialidades da Autarquia de Sa\u00fade quer reduzir a fila de espera que atualmente est\u00e1 em 1.700 pacientes\u00a0(Fotos &#8211; Profeta)<\/p>\n","protected":false},"author":4,"featured_media":22998,"comment_status":"closed","ping_status":"open","sticky":false,"template":"","format":"standard","meta":{"footnotes":""},"categories":[24],"tags":[],"class_list":["post-22997","post","type-post","status-publish","format-standard","has-post-thumbnail","hentry","category-noticias"],"acf":[],"_links":{"self":[{"href":"http:\/\/www.apucarana.pr.gov.br\/site\/wp-json\/wp\/v2\/posts\/22997","targetHints":{"allow":["GET"]}}],"collection":[{"href":"http:\/\/www.apucarana.pr.gov.br\/site\/wp-json\/wp\/v2\/posts"}],"about":[{"href":"http:\/\/www.apucarana.pr.gov.br\/site\/wp-json\/wp\/v2\/types\/post"}],"author":[{"embeddable":true,"href":"http:\/\/www.apucarana.pr.gov.br\/site\/wp-json\/wp\/v2\/users\/4"}],"replies":[{"embeddable":true,"href":"http:\/\/www.apucarana.pr.gov.br\/site\/wp-json\/wp\/v2\/comments?post=22997"}],"version-history":[{"count":1,"href":"http:\/\/www.apucarana.pr.gov.br\/site\/wp-json\/wp\/v2\/posts\/22997\/revisions"}],"predecessor-version":[{"id":100558,"href":"http:\/\/www.apucarana.pr.gov.br\/site\/wp-json\/wp\/v2\/posts\/22997\/revisions\/100558"}],"wp:featuredmedia":[{"embeddable":true,"href":"http:\/\/www.apucarana.pr.gov.br\/site\/wp-json\/"}],"wp:attachment":[{"href":"http:\/\/www.apucarana.pr.gov.br\/site\/wp-json\/wp\/v2\/media?parent=22997"}],"wp:term":[{"taxonomy":"category","embeddable":true,"href":"http:\/\/www.apucarana.pr.gov.br\/site\/wp-json\/wp\/v2\/categories?post=22997"},{"taxonomy":"post_tag","embeddable":true,"href":"http:\/\/www.apucarana.pr.gov.br\/site\/wp-json\/wp\/v2\/tags?post=22997"}],"curies":[{"name":"wp","href":"https:\/\/api.w.org\/{rel}","templated":true}]}}