{"id":22985,"date":"2019-04-12T16:48:20","date_gmt":"2019-04-12T19:48:20","guid":{"rendered":"http:\/\/172.16.0.7\/site-antigo\/?p=22985"},"modified":"2024-10-08T09:18:16","modified_gmt":"2024-10-08T12:18:16","slug":"pre-aprendiz-realiza-aula-inaugural-em-apucarana","status":"publish","type":"post","link":"http:\/\/www.apucarana.pr.gov.br\/site\/pre-aprendiz-realiza-aula-inaugural-em-apucarana\/","title":{"rendered":"\u201cPr\u00e9 Aprendiz\u201d realiza aula inaugural em Apucarana"},"content":{"rendered":"<p>Com a participa\u00e7\u00e3o de 187 jovens, com idades entre 14 e 22 anos, a Secretaria Municipal da Assist\u00eancia Social realizou nesta sexta-feira (12\/04), no Centro da Juventude, aula inaugural de mais uma turma do Programa Pr\u00e9-Aprendiz. O momento, que contou com palestra motivacional do empres\u00e1rio Paulo Assis, s\u00f3cio-presidente da Forqu\u00edmica Agroci\u00eancia Ltda, de Cambira, hoje uma multinacional, teve a presen\u00e7a do prefeito J\u00fanior da Femac, al\u00e9m de parceiros da iniciativa como o Sesc Apucarana, Unespar Apucarana e Autarquia Municipal de Educa\u00e7\u00e3o (AME) e apoiadores como 30\u00ba Batalh\u00e3o de Infantaria Mecanizado (30\u00ba BIMec), 11\u00ba Grupamento de Bombeiros de Apucarana e Guarda Municipal de Apucarana.<br \/>\nPelos pr\u00f3ximos 12 meses, os alunos ir\u00e3o fazer aulas de portugu\u00eas, matem\u00e1tica, inform\u00e1tica, marketing pessoal, al\u00e9m de praticar uma modalidade esportiva. \u201cO Pr\u00e9 Aprendiz \u00e9 oportunidade. E oportunidade \u00e9 algo que voc\u00ea toma posse ou deixa passar e n\u00e3o d\u00e1 para delegar a mais ningu\u00e9m. S\u00f3 depende da pr\u00f3pria pessoa. Por isso, o momento \u00e9 agora, n\u00e3o \u00e9 amanh\u00e3. Aproveitem cada instante das aulas no Centro de Qualifica\u00e7\u00e3o Total e tamb\u00e9m no Sesc Apucarana. N\u00e3o cheguem atrasados para as atividades. Bateu a canseira, fa\u00e7am do mesmo jeito, pois quando uma empresa for procurar um aprendiz, ela vai buscar o hist\u00f3rico de cada um e escolher o mais dedicado\u201d, destacou J\u00fanior da Femac aos jovens.<br \/>\nEnaltecendo a import\u00e2ncia do estudo e da qualifica\u00e7\u00e3o profissional, o prefeito de Apucarana falou da diferen\u00e7a que o estudo fez na vida dele e de sua fam\u00edlia. \u201cFui o primeiro neto a me formar na faculdade. Sou formado engenheiro civil h\u00e1 25 anos, fiz outras duas p\u00f3s-gradua\u00e7\u00f5es e hoje ganho da minha profiss\u00e3o. D\u00e1 para cada um de voc\u00eas fazer a mesma coisa, sendo funcion\u00e1rio em uma empresa ou institui\u00e7\u00e3o p\u00fablica, ou mesmo sendo dono do pr\u00f3prio neg\u00f3cio, mas tudo isso vai depender de como a pessoa vai aproveitar a sua oportunidade\u201d, disse o prefeito.<br \/>\nEm primeira m\u00e3o, J\u00fanior revelou que em parceria com o juiz do Trabalho Maur\u00edcio Mazur, trabalha na elabora\u00e7\u00e3o de um projeto de lei em prol dos jovens aprendizes da cidade. \u201cEsse documento deve ser finalizado em breve e, uma vez aprovado pelos vereadores, prev\u00ea que toda a empresa vencedora de licita\u00e7\u00e3o no Munic\u00edpio dever\u00e1 contratar um jovem aprendiz\u201d, anunciou.<br \/>\nAl\u00e9m de atividades no Centro de Qualifica\u00e7\u00e3o Total, o Pr\u00e9 Aprendiz da Secretaria Municipal da Assist\u00eancia Social tem parceria com o Sesc Apucarana, atrav\u00e9s do Projeto Futuro Integral, onde os jovens t\u00eam aulas de letramento, racioc\u00ednio l\u00f3gico e inicia\u00e7\u00e3o esportiva, com o campus Apucarana da Universidade Estadual do Paran\u00e1 (Unespar), que oferece o curso Bom Neg\u00f3cio Paran\u00e1, que trabalha o empreendedorismo, e com a Autarquia Municipal de Educa\u00e7\u00e3o (AME). \u201c\u00c9 muito prazeroso para o Sesc receber os jovens do Pr\u00e9 Aprendiz. Somos parceiros de longa data da Prefeitura de Apucarana e tamb\u00e9m acreditamos que atrav\u00e9s da qualifica\u00e7\u00e3o nossos jovens poder\u00e3o acessar o mercado de trabalho com maior facilidade, encontrando dignidade, oportunidade e crescimento\u201d, citou Andr\u00e9ia Rinaldo, gerente executiva do Sesc Apucarana.<br \/>\nO vice-diretor da Unespar Apucarana, Leonardo Sartori, parabenizou a prefeitura pela iniciativa. \u201cVemos um diferencial acontecendo na educa\u00e7\u00e3o de Apucarana desde o ensino fundamental, que \u00e9 o ensino do empreendedorismo. O que est\u00e1 bastante alinhado \u00e0 proposta do Bom Neg\u00f3cio Paran\u00e1, que visa fomentar este tipo de atividade. Desde 2014, mais de 3 mil pessoas j\u00e1 foram capacitadas em 65 turmas em Apucarana e outras cidades da regi\u00e3o do Vale do Iva\u00ed, mais Arapongas e Sab\u00e1udia\u201d, revelou Sartori.<br \/>\nO diretor do Centro de Qualifica\u00e7\u00e3o Total, Miguel Luiz Vilas Boas, agradeceu aos parceiros \u2013 Sesc e Unespar Apucarana. \u201cS\u00e3o entidades que contam com pessoas realmente preocupadas com o bem comum na nossa sociedade e \u00e9 uma honra contar com a parceria destas entidades dentro do Pr\u00e9 Aprendiz. Afinal, aqui est\u00e3o futuros m\u00e9dicos, dentistas, administradores, entre outros profissionais que s\u00e3o o futuro de Apucarana e do nosso Brasil\u201d, lembrou Vilas Boas. De acordo com ele, al\u00e9m de capacitar para o mercado de trabalho, o Pr\u00e9 Aprendiz tem uma fun\u00e7\u00e3o social. \u201cNosso objetivo \u00e9 preparar nossa juventude para que siga sempre um bom caminho. E o rumo certo, tirando os jovens das ruas e de outras m\u00e1s influ\u00eancias, tem in\u00edcio atrav\u00e9s da educa\u00e7\u00e3o e do trabalho\u201d, conclui o diretor de Qualifica\u00e7\u00e3o Profissional da prefeitura.<br \/>\nRepresentando o Legislativo Municipal, a vereadora M\u00e1rcia Sousa lembrou que o programa teve in\u00edcio em 2013, quando ela era secret\u00e1ria Municipal da Assist\u00eancia Social. \u201cJ\u00e1 se passaram seis anos e a gente constata que tudo que \u00e9 pensado para o bem do outro, sempre tem continuidade. O Pr\u00e9 Aprendiz teve in\u00edcio com a gest\u00e3o do prefeito Beto Preto e segue firme agora com o prefeito J\u00fanior da Femac\u201d, pontuou, deixando um recado aos 187 jovens inscritos no programa. \u201cNada na vida \u00e9 de gra\u00e7a. Esse curso, para que acontecesse, \u00e9 resultado de um esfor\u00e7o coletivo. Voc\u00eas tomaram a decis\u00e3o de estar aqui. Tudo na vida tem um tempo e voc\u00eas escolheram se capacitar. Com certeza v\u00e3o ganhar muito com o Pr\u00e9 Aprendiz, o que aprenderem aqui v\u00e3o levar para a vida toda\u201d, finalizou a vereadora.<\/p>\n","protected":false},"excerpt":{"rendered":"<p>O momento, que contou com palestra motivacional do empres\u00e1rio Paulo Assis, s\u00f3cio-presidente da Forqu\u00edmica Agroci\u00eancia Ltda, de Cambira, hoje uma multinacional, teve a presen\u00e7a do prefeito J\u00fanior da Femac, al\u00e9m de parceiros da iniciativa (Foto: Profeta)<\/p>\n","protected":false},"author":4,"featured_media":22991,"comment_status":"closed","ping_status":"open","sticky":false,"template":"","format":"standard","meta":{"footnotes":""},"categories":[24],"tags":[],"class_list":["post-22985","post","type-post","status-publish","format-standard","has-post-thumbnail","hentry","category-noticias"],"acf":[],"_links":{"self":[{"href":"http:\/\/www.apucarana.pr.gov.br\/site\/wp-json\/wp\/v2\/posts\/22985","targetHints":{"allow":["GET"]}}],"collection":[{"href":"http:\/\/www.apucarana.pr.gov.br\/site\/wp-json\/wp\/v2\/posts"}],"about":[{"href":"http:\/\/www.apucarana.pr.gov.br\/site\/wp-json\/wp\/v2\/types\/post"}],"author":[{"embeddable":true,"href":"http:\/\/www.apucarana.pr.gov.br\/site\/wp-json\/wp\/v2\/users\/4"}],"replies":[{"embeddable":true,"href":"http:\/\/www.apucarana.pr.gov.br\/site\/wp-json\/wp\/v2\/comments?post=22985"}],"version-history":[{"count":1,"href":"http:\/\/www.apucarana.pr.gov.br\/site\/wp-json\/wp\/v2\/posts\/22985\/revisions"}],"predecessor-version":[{"id":100559,"href":"http:\/\/www.apucarana.pr.gov.br\/site\/wp-json\/wp\/v2\/posts\/22985\/revisions\/100559"}],"wp:featuredmedia":[{"embeddable":true,"href":"http:\/\/www.apucarana.pr.gov.br\/site\/wp-json\/"}],"wp:attachment":[{"href":"http:\/\/www.apucarana.pr.gov.br\/site\/wp-json\/wp\/v2\/media?parent=22985"}],"wp:term":[{"taxonomy":"category","embeddable":true,"href":"http:\/\/www.apucarana.pr.gov.br\/site\/wp-json\/wp\/v2\/categories?post=22985"},{"taxonomy":"post_tag","embeddable":true,"href":"http:\/\/www.apucarana.pr.gov.br\/site\/wp-json\/wp\/v2\/tags?post=22985"}],"curies":[{"name":"wp","href":"https:\/\/api.w.org\/{rel}","templated":true}]}}