{"id":22895,"date":"2019-04-09T12:05:54","date_gmt":"2019-04-09T15:05:54","guid":{"rendered":"http:\/\/172.16.0.7\/site-antigo\/?p=22895"},"modified":"2024-10-08T09:18:17","modified_gmt":"2024-10-08T12:18:17","slug":"promatur-organiza-segunda-conferencia-de-cultura","status":"publish","type":"post","link":"http:\/\/www.apucarana.pr.gov.br\/site\/promatur-organiza-segunda-conferencia-de-cultura\/","title":{"rendered":"Promatur organiza segunda confer\u00eancia de cultura"},"content":{"rendered":"<p>A Secretaria da Promo\u00e7\u00e3o Art\u00edstica, Cultural e Tur\u00edstica de Apucarana (Promatur) est\u00e1 realizando encontros e reuni\u00f5es preparat\u00f3rias visando a 2\u00aa Confer\u00eancia Municipal de Cultura, que acontecer\u00e1 no dia 25 de maio. Nesta fase, o objetivo \u00e9 atualizar as informa\u00e7\u00f5es para o desenvolvimento de cada segmento cultural e que foram apontadas na primeira confer\u00eancia.<br \/>\nUm dos eventos preparat\u00f3rios \u00e9 a Pr\u00e9-confer\u00eancia de Cultura, agendada para o dia 4 de maio. \u201cNa Pr\u00e9-confer\u00eancia, ser\u00e3o apresentados os avan\u00e7os da cultura no per\u00edodo da gest\u00e3o Beto Preto, como por exemplo, a cria\u00e7\u00e3o da Escola Municipal de M\u00fasica com ensino gratuito de diversos instrumentos, oficinas tamb\u00e9m gratuitas na biblioteca e Pra\u00e7a CEU, onde foi disponibilizado um novo espa\u00e7o alternativo para pequenos concertos musicais, ensaios de bandas e grupos de dan\u00e7a, reuni\u00f5es e outras atividades\u201d, cita a professora Maria Agar, secret\u00e1ria da Promatur.<br \/>\nSer\u00e1 apresentada, tamb\u00e9m, a minuta da proposta do primeiro edital do Fundo Municipal de Cultura que atender\u00e1 os projetos culturais alinhados com o Plano Municipal de Cultura. \u201cCom esses dados, ser\u00e1 divulgada a agenda de discuss\u00f5es dos f\u00f3runs setoriais de cada segmento art\u00edstico\u201d, refor\u00e7a Maria Agar.<br \/>\nA pr\u00e9-confer\u00eancia e as informa\u00e7\u00f5es coletadas nas reuni\u00f5es de cada segmento servir\u00e3o como base para a Confer\u00eancia Municipal de Cultura de 2019. \u201cNa confer\u00eancia, teremos a presen\u00e7a de um palestrante que vai discorrer sobre a import\u00e2ncia da capacita\u00e7\u00e3o no mercado cultural e as ferramentas do empreendedorismo cultural, abrindo os debates que v\u00e3o resultar na elei\u00e7\u00e3o do novo conselho\u201d, explica a secret\u00e1ria.<br \/>\nV\u00e1rias reuni\u00f5es j\u00e1 est\u00e3o acontecendo, como um encontro com os antigos membros do Conselho Municipal Cultura. \u201cO objetivo foi inform\u00e1-los das pr\u00f3ximas a\u00e7\u00f5es da secretaria para dar continuidade \u00e0 implanta\u00e7\u00e3o do Sistema Municipal de Cultura de Apucarana\u201d, informa Jo\u00e3o Guilherme Navas Prates, da Promatur, que atua na coordena\u00e7\u00e3o dos eventos preparat\u00f3rios. \u201cDesta forma, a secret\u00e1ria Maria Agar e sua equipe est\u00e3o convocando todos os artistas e agentes culturais do munic\u00edpio para debater e analisar os diagn\u00f3sticos j\u00e1 realizados de cada setor cultural\u201d, refor\u00e7a Navas.<br \/>\n&nbsp;<br \/>\n&nbsp;<\/p>\n","protected":false},"excerpt":{"rendered":"<p>Artistas e agentes culturais do munic\u00edpio est\u00e3o sendo convidados para  analisar os diagn\u00f3sticos de cada setor cultural.<\/p>\n","protected":false},"author":4,"featured_media":22896,"comment_status":"closed","ping_status":"open","sticky":false,"template":"","format":"standard","meta":{"footnotes":""},"categories":[24],"tags":[],"class_list":["post-22895","post","type-post","status-publish","format-standard","has-post-thumbnail","hentry","category-noticias"],"acf":[],"_links":{"self":[{"href":"http:\/\/www.apucarana.pr.gov.br\/site\/wp-json\/wp\/v2\/posts\/22895","targetHints":{"allow":["GET"]}}],"collection":[{"href":"http:\/\/www.apucarana.pr.gov.br\/site\/wp-json\/wp\/v2\/posts"}],"about":[{"href":"http:\/\/www.apucarana.pr.gov.br\/site\/wp-json\/wp\/v2\/types\/post"}],"author":[{"embeddable":true,"href":"http:\/\/www.apucarana.pr.gov.br\/site\/wp-json\/wp\/v2\/users\/4"}],"replies":[{"embeddable":true,"href":"http:\/\/www.apucarana.pr.gov.br\/site\/wp-json\/wp\/v2\/comments?post=22895"}],"version-history":[{"count":1,"href":"http:\/\/www.apucarana.pr.gov.br\/site\/wp-json\/wp\/v2\/posts\/22895\/revisions"}],"predecessor-version":[{"id":100570,"href":"http:\/\/www.apucarana.pr.gov.br\/site\/wp-json\/wp\/v2\/posts\/22895\/revisions\/100570"}],"wp:featuredmedia":[{"embeddable":true,"href":"http:\/\/www.apucarana.pr.gov.br\/site\/wp-json\/"}],"wp:attachment":[{"href":"http:\/\/www.apucarana.pr.gov.br\/site\/wp-json\/wp\/v2\/media?parent=22895"}],"wp:term":[{"taxonomy":"category","embeddable":true,"href":"http:\/\/www.apucarana.pr.gov.br\/site\/wp-json\/wp\/v2\/categories?post=22895"},{"taxonomy":"post_tag","embeddable":true,"href":"http:\/\/www.apucarana.pr.gov.br\/site\/wp-json\/wp\/v2\/tags?post=22895"}],"curies":[{"name":"wp","href":"https:\/\/api.w.org\/{rel}","templated":true}]}}