{"id":22892,"date":"2019-04-09T11:31:55","date_gmt":"2019-04-09T14:31:55","guid":{"rendered":"http:\/\/172.16.0.7\/site-antigo\/?p=22892"},"modified":"2024-10-08T09:18:17","modified_gmt":"2024-10-08T12:18:17","slug":"polo-uab-sedia-encontro-de-estudos-em-arte","status":"publish","type":"post","link":"http:\/\/www.apucarana.pr.gov.br\/site\/polo-uab-sedia-encontro-de-estudos-em-arte\/","title":{"rendered":"Polo UAB sedia encontro de estudos em Arte"},"content":{"rendered":"<p>O polo apucaranense da Universidade Aberta do Brasil (Polo UAB) vai sediar, no pr\u00f3ximo final de semana (12 e 13\/4), o II Encontro do Grupo de Estudos em Arte \u2013 EAD.<br \/>\nPromovido pela Universidade Estadual do Centro-Oeste (Unicentro), o evento busca proporcionar \u00e0 comunidade acad\u00eamica um momento de reflex\u00e3o sobre a forma\u00e7\u00e3o dos professores de Arte para a atua\u00e7\u00e3o em espa\u00e7os inclusivos.<br \/>\nA palestra \u2018Inclus\u00e3o Social e Educativo: um retorno \u00e0 Linha de Direitos\u2019 deve abrir a programa\u00e7\u00e3o na sexta-feira (12) \u00e0s 19 horas. Ela ser\u00e1 ministrada pelo professor Dr. Jo\u00e3o Porto, do Centro de Educa\u00e7\u00e3o da Universidade Federal do Esp\u00edrito Santo (UFES).<br \/>\nJ\u00e1 o professor Dr. Marcos Gehrke, da Unicentro, vai proferir a palestra de encerramento, no domingo (13), \u00e0s 16 horas, com o tema \u2018As Ideias-For\u00e7a de Paulo Freire para a Educa\u00e7\u00e3o e a forma\u00e7\u00e3o do Educador Popular\u2019.<br \/>\nAl\u00e9m das duas confer\u00eancias, os cerca de 120 participantes tamb\u00e9m ser\u00e3o contemplados com as oficinas pr\u00e1ticas A Nudez na Arte, Jogos de Copos e Percuss\u00e3o Corporal, Exerc\u00edcios de Dan\u00e7a Contempor\u00e2nea, Storyboard e Light Paint.<br \/>\nA coordenadora do Polo UAB de Apucarana, Sueli Gomes R\u00eais Gon\u00e7alves, destaca a importante e longeva parceria firmada com a Universidade Estadual do Centro-Oeste. \u201cEssa institui\u00e7\u00e3o de ensino superior foi uma das primeiras a acolher o nosso polo e a trazer seus cursos de educa\u00e7\u00e3o \u00e0 dist\u00e2ncia para c\u00e1. \u00c9 uma satisfa\u00e7\u00e3o muito grande sediar mais esse evento em conjunto com a Unicentro\u201d.<br \/>\n&nbsp;<\/p>\n","protected":false},"excerpt":{"rendered":"<p>O evento ser\u00e1 no pr\u00f3ximo final de semana e deve reunir cerca de 120 participantes (Foto: Edson Denobi)<\/p>\n","protected":false},"author":4,"featured_media":22893,"comment_status":"closed","ping_status":"open","sticky":false,"template":"","format":"standard","meta":{"footnotes":""},"categories":[24],"tags":[36,37,144,39],"class_list":["post-22892","post","type-post","status-publish","format-standard","has-post-thumbnail","hentry","category-noticias","tag-educacao-a-distancia","tag-ensino-superior","tag-polo-uab","tag-prefeitura-de-apucarana"],"acf":[],"_links":{"self":[{"href":"http:\/\/www.apucarana.pr.gov.br\/site\/wp-json\/wp\/v2\/posts\/22892","targetHints":{"allow":["GET"]}}],"collection":[{"href":"http:\/\/www.apucarana.pr.gov.br\/site\/wp-json\/wp\/v2\/posts"}],"about":[{"href":"http:\/\/www.apucarana.pr.gov.br\/site\/wp-json\/wp\/v2\/types\/post"}],"author":[{"embeddable":true,"href":"http:\/\/www.apucarana.pr.gov.br\/site\/wp-json\/wp\/v2\/users\/4"}],"replies":[{"embeddable":true,"href":"http:\/\/www.apucarana.pr.gov.br\/site\/wp-json\/wp\/v2\/comments?post=22892"}],"version-history":[{"count":1,"href":"http:\/\/www.apucarana.pr.gov.br\/site\/wp-json\/wp\/v2\/posts\/22892\/revisions"}],"predecessor-version":[{"id":100571,"href":"http:\/\/www.apucarana.pr.gov.br\/site\/wp-json\/wp\/v2\/posts\/22892\/revisions\/100571"}],"wp:featuredmedia":[{"embeddable":true,"href":"http:\/\/www.apucarana.pr.gov.br\/site\/wp-json\/"}],"wp:attachment":[{"href":"http:\/\/www.apucarana.pr.gov.br\/site\/wp-json\/wp\/v2\/media?parent=22892"}],"wp:term":[{"taxonomy":"category","embeddable":true,"href":"http:\/\/www.apucarana.pr.gov.br\/site\/wp-json\/wp\/v2\/categories?post=22892"},{"taxonomy":"post_tag","embeddable":true,"href":"http:\/\/www.apucarana.pr.gov.br\/site\/wp-json\/wp\/v2\/tags?post=22892"}],"curies":[{"name":"wp","href":"https:\/\/api.w.org\/{rel}","templated":true}]}}