{"id":22883,"date":"2019-04-08T18:32:33","date_gmt":"2019-04-08T21:32:33","guid":{"rendered":"http:\/\/172.16.0.7\/site-antigo\/?p=22883"},"modified":"2024-10-08T09:18:17","modified_gmt":"2024-10-08T12:18:17","slug":"comitiva-argentina-conhece-tecnologias-e-investimentos-da-forquimica-na-regiao","status":"publish","type":"post","link":"http:\/\/www.apucarana.pr.gov.br\/site\/comitiva-argentina-conhece-tecnologias-e-investimentos-da-forquimica-na-regiao\/","title":{"rendered":"Comitiva Argentina conhece tecnologias e investimentos da Forqu\u00edmica na regi\u00e3o"},"content":{"rendered":"<p>T\u00e9cnicos em agroneg\u00f3cio da Argentina, Paraguai, Bol\u00edvia e Col\u00f4mbia participam at\u00e9 quarta-feira (10\/04), na Forqu\u00edmica Agroci\u00eancia Ltda, em Cambira, de um treinamento para transfer\u00eancia de tecnologia. Capitaneados pelo prefeito da cidade argentina de Rold\u00e1n, Jos\u00e9 Maria Pedretti, al\u00e9m de fazer parte dos planos de expans\u00e3o de neg\u00f3cios do grupo para a Argentina, a inten\u00e7\u00e3o dos visitantes \u00e9 conhecer melhor o impacto regional dos investimentos feitos pela Forqu\u00edmica &#8211; ind\u00fastria integrante do Grupo Forus &#8211; na regi\u00e3o.<br \/>\nConvidados pela empresa, participaram do in\u00edcio dos trabalhos e detalhamento dos objetivos da miss\u00e3o internacional os prefeitos J\u00fanior da Femac (Apucarana) e Emerson Toledo (Cambira), e o vice-prefeito Cir Albieri (Jandaia do Sul). \u201cEstamos expandindo neg\u00f3cios na Argentina e esse encontro, al\u00e9m do car\u00e1ter de integra\u00e7\u00e3o, visa realizar um treinamento para transfer\u00eancia de tecnologia aos t\u00e9cnicos que v\u00e3o atuar em campo naquele pa\u00eds\u201d, relata Edson Rossini, presidente da Forqu\u00edmica.<br \/>\nEle explica que a agricultura da Argentina \u00e9 diferente da brasileira. \u201cMuda clima e solo, por exemplo. O sistema produtivo \u00e9 diferente, por isso ter gente treinada \u00e9 primordial para o sucesso\u201d, afirma Rossini, pontuando que a empresa \u201cn\u00e3o vende simplesmente uma receita de p\u00e3o\u201d. \u201cVendemos o produto e prestamos toda a assist\u00eancia e acompanhamento que o produtor precisar\u201d, conta.<br \/>\nEntre os produtos do grupo que ser\u00e3o exportados para a Argentina v\u00e3o estar os produzidos na planta de Apucarana da Forbio (Biofort Ind\u00fastria e Com\u00e9rcio de Produtos Agr\u00edcolas Ltda), outra empresa do Grupo Forus, que est\u00e1 sendo constru\u00edda em uma \u00e1rea de seis alqueires, a margem da BR-376, entre o contorno sul e a estrada rural do Bilotti, com investimentos iniciais na ordem de R$40 milh\u00f5es. \u201cNossa regi\u00e3o \u00e9 eminentemente agr\u00edcola, tem por voca\u00e7\u00e3o a produ\u00e7\u00e3o de alimentos e \u00e9 um orgulho muito grande, saber que produtos de alta tecnologia, voltados para o desenvolvimento do agricultura ser\u00e3o fabricados em Apucarana e, em breve, v\u00e3o ganhar diversos pa\u00edses, como Argentina e EUA. Agradecemos aos empres\u00e1rios Edson Rossini e Paulo Assis, do Grupo Forus, por investirem na nossa cidade\u201d, disse o prefeito J\u00fanior da Femac, que no evento esteve acompanhado da esposa Carmen L\u00facia Izquierdo Martins, que atuou como tradutora. \u201cA Forbio de Apucarana ir\u00e1 fabricar produtos biol\u00f3gicos para uso na agricultura, incluindo inoculantes para leguminosas, organismos para controle biol\u00f3gico de pragas e linha de aditivos para sementes\u201d, lembra J\u00fanior da Femac.<br \/>\nAo prefeito argentino Jos\u00e9 Maria Pedretti e aos t\u00e9cnicos estrangeiros, o prefeito de Apucarana salientou que a especializa\u00e7\u00e3o das voca\u00e7\u00f5es \u00e9 o caminho para o desenvolvimento. \u201cVivemos um momento em que o mundo parece que est\u00e1 embolado, mas ao analisarmos melhor percebemos que cada pa\u00eds e regi\u00e3o est\u00e3o se especializando em alguma coisa. No Brasil, somos muito bons em produzir alimentos e nessa linha percebemos que tem havido cada vez mais uma especializa\u00e7\u00e3o dos processos para a promo\u00e7\u00e3o do desenvolvimento\u201d, pontuou J\u00fanior da Femac, referenciando a Forqu\u00edmica. \u201cCom certeza voc\u00eas v\u00e3o aprender muito nesta visita \u00e0 empresa, que \u00e9 tem como foco a produ\u00e7\u00e3o do que h\u00e1 de melhor quando o assunto \u00e9 agroind\u00fastria\u201d, disse o prefeito.<br \/>\nNo final do encontro, o prefeito de Rold\u00e1n, Jos\u00e9 Maria Pedretti, explicou que o Grupo Forus faz estudos para a instala\u00e7\u00e3o de uma planta em seu munic\u00edpio. \u201cMinha vinda hoje tem o car\u00e1ter de retribuir esse interesse e conhecer mais sobre a atua\u00e7\u00e3o da empresa\u201d, resumiu Pedretti. Localizado na Prov\u00edncia de Santa F\u00e9, a 25 quil\u00f4metros da cidade de Ros\u00e1rio, Rold\u00e1n tem 15 mil habitantes, mas est\u00e1 em uma regi\u00e3o metropolitana com cerca de 1,2 milh\u00e3o de pessoas. <\/p>\n","protected":false},"excerpt":{"rendered":"<p>Convidado pela empresa, o prefeito J\u00fanior da Femac participou da recep\u00e7\u00e3o dos visitantes em que diretores da empresa detalharam os objetivos da miss\u00e3o internacional (Foto: Guto Marques)<\/p>\n","protected":false},"author":4,"featured_media":22886,"comment_status":"closed","ping_status":"open","sticky":false,"template":"","format":"standard","meta":{"footnotes":""},"categories":[24],"tags":[],"class_list":["post-22883","post","type-post","status-publish","format-standard","has-post-thumbnail","hentry","category-noticias"],"acf":[],"_links":{"self":[{"href":"http:\/\/www.apucarana.pr.gov.br\/site\/wp-json\/wp\/v2\/posts\/22883","targetHints":{"allow":["GET"]}}],"collection":[{"href":"http:\/\/www.apucarana.pr.gov.br\/site\/wp-json\/wp\/v2\/posts"}],"about":[{"href":"http:\/\/www.apucarana.pr.gov.br\/site\/wp-json\/wp\/v2\/types\/post"}],"author":[{"embeddable":true,"href":"http:\/\/www.apucarana.pr.gov.br\/site\/wp-json\/wp\/v2\/users\/4"}],"replies":[{"embeddable":true,"href":"http:\/\/www.apucarana.pr.gov.br\/site\/wp-json\/wp\/v2\/comments?post=22883"}],"version-history":[{"count":1,"href":"http:\/\/www.apucarana.pr.gov.br\/site\/wp-json\/wp\/v2\/posts\/22883\/revisions"}],"predecessor-version":[{"id":100572,"href":"http:\/\/www.apucarana.pr.gov.br\/site\/wp-json\/wp\/v2\/posts\/22883\/revisions\/100572"}],"wp:featuredmedia":[{"embeddable":true,"href":"http:\/\/www.apucarana.pr.gov.br\/site\/wp-json\/"}],"wp:attachment":[{"href":"http:\/\/www.apucarana.pr.gov.br\/site\/wp-json\/wp\/v2\/media?parent=22883"}],"wp:term":[{"taxonomy":"category","embeddable":true,"href":"http:\/\/www.apucarana.pr.gov.br\/site\/wp-json\/wp\/v2\/categories?post=22883"},{"taxonomy":"post_tag","embeddable":true,"href":"http:\/\/www.apucarana.pr.gov.br\/site\/wp-json\/wp\/v2\/tags?post=22883"}],"curies":[{"name":"wp","href":"https:\/\/api.w.org\/{rel}","templated":true}]}}