{"id":22739,"date":"2019-04-02T15:02:24","date_gmt":"2019-04-02T18:02:24","guid":{"rendered":"http:\/\/172.16.0.7\/site-antigo\/?p=22739"},"modified":"2024-10-08T09:18:19","modified_gmt":"2024-10-08T12:18:19","slug":"estado-libera-recursos-para-entidades-de-atencao-ao-adolescente-de-apucarana","status":"publish","type":"post","link":"http:\/\/www.apucarana.pr.gov.br\/site\/estado-libera-recursos-para-entidades-de-atencao-ao-adolescente-de-apucarana\/","title":{"rendered":"Estado libera recursos para entidades de aten\u00e7\u00e3o ao adolescente de Apucarana"},"content":{"rendered":"<p>A Secretaria de Estado da Justi\u00e7a, Fam\u00edlia e Trabalho do Governo do Paran\u00e1 destinou R$126 mil para custeio dos trabalhos realizados pela Escola de Desenvolvimento Humano Casa do Caminho (Edhucca) e pela Fachisa \u2013 Apoio e Qualifica\u00e7\u00e3o Profissional. Ambas s\u00e3o institui\u00e7\u00f5es de car\u00e1ter social que trabalham com a forma\u00e7\u00e3o de adolescentes em Apucarana. Os recursos, que ser\u00e3o repassados via Fundo Municipal da Assist\u00eancia Social, foram liberados no final de mar\u00e7o com intermedia\u00e7\u00e3o do Deputado Estadual Guto Silva (PSD).<br \/>\nA informa\u00e7\u00e3o foi repassada em primeira m\u00e3o nesta semana ao prefeito J\u00fanior da Femac pela chefe do Escrit\u00f3rio Regional da Secretaria, Juliana Eliza da Silva. \u201cUm recurso que certamente vai ajudar muito a essas entidades, que realizam importantes a\u00e7\u00f5es em prol da educa\u00e7\u00e3o de nossos jovens\u201d, destacou o prefeito.<br \/>\nJ\u00fanior aproveitou o encontro para parabeniza a chefe regional pela recondu\u00e7\u00e3o ao cargo, j\u00e1 que Juliana respondeu pela fun\u00e7\u00e3o at\u00e9 dezembro do ano passado, quando a pasta era denominada Secretaria da Fam\u00edlia e Desenvolvimento Social. \u201cJuliana j\u00e1 inicia os trabalhos, agora afinados com a pol\u00edtica do governador Ratinho J\u00fanior, com toda experi\u00eancia e bagagem que o cargo requer, o que \u00e9 bastante positivo n\u00e3o s\u00f3 para Apucarana, junto \u00e0 continuidade da Gest\u00e3o Beto Preto, mas para toda a regional atendida por ela\u201d, disse o prefeito J\u00fanior da Femac.<br \/>\nSegundo Juliana, no novo governo a regional ganhou novas atribui\u00e7\u00f5es. \u201cAl\u00e9m de manter o foco na assist\u00eancia social, direitos das mulheres, das pessoas idosas, portadores de defici\u00eancias, crian\u00e7as e adolescentes, que s\u00e3o assuntos inerentes \u00e0 fam\u00edlia, o Governador Ratinho J\u00fanior incluiu o desenvolvimento de pol\u00edticas p\u00fablicas para a promo\u00e7\u00e3o da justi\u00e7a e do trabalho\u201d, explicou a chefe do escrit\u00f3rio regional.<br \/>\nAl\u00e9m de Apucarana, o escrit\u00f3rio regional atende aos munic\u00edpios de Arapongas, Bom Sucesso, Calif\u00f3rnia, Cambira, Jandaia do Sul, Kalor\u00e9, Maril\u00e2ndia do Sul, Marumbi, Mau\u00e1 da Serra, Novo Itacolomi, Rio Bom e Sab\u00e1udia.<br \/>\nA agenda no gabinete municipal tamb\u00e9m foi acompanhada pelo procurador-geral da Prefeitura de Apucarana, Paulo S\u00e9rgio Vital.<\/p>\n","protected":false},"excerpt":{"rendered":"<p>A informa\u00e7\u00e3o foi repassada em primeira m\u00e3o nesta semana ao prefeito J\u00fanior da Femac pela chefe do Escrit\u00f3rio Regional da Secretaria, Juliana Eliza da Silva (Foto: Profeta)<\/p>\n","protected":false},"author":4,"featured_media":22742,"comment_status":"closed","ping_status":"open","sticky":false,"template":"","format":"standard","meta":{"footnotes":""},"categories":[24],"tags":[],"class_list":["post-22739","post","type-post","status-publish","format-standard","has-post-thumbnail","hentry","category-noticias"],"acf":[],"_links":{"self":[{"href":"http:\/\/www.apucarana.pr.gov.br\/site\/wp-json\/wp\/v2\/posts\/22739","targetHints":{"allow":["GET"]}}],"collection":[{"href":"http:\/\/www.apucarana.pr.gov.br\/site\/wp-json\/wp\/v2\/posts"}],"about":[{"href":"http:\/\/www.apucarana.pr.gov.br\/site\/wp-json\/wp\/v2\/types\/post"}],"author":[{"embeddable":true,"href":"http:\/\/www.apucarana.pr.gov.br\/site\/wp-json\/wp\/v2\/users\/4"}],"replies":[{"embeddable":true,"href":"http:\/\/www.apucarana.pr.gov.br\/site\/wp-json\/wp\/v2\/comments?post=22739"}],"version-history":[{"count":1,"href":"http:\/\/www.apucarana.pr.gov.br\/site\/wp-json\/wp\/v2\/posts\/22739\/revisions"}],"predecessor-version":[{"id":100592,"href":"http:\/\/www.apucarana.pr.gov.br\/site\/wp-json\/wp\/v2\/posts\/22739\/revisions\/100592"}],"wp:featuredmedia":[{"embeddable":true,"href":"http:\/\/www.apucarana.pr.gov.br\/site\/wp-json\/"}],"wp:attachment":[{"href":"http:\/\/www.apucarana.pr.gov.br\/site\/wp-json\/wp\/v2\/media?parent=22739"}],"wp:term":[{"taxonomy":"category","embeddable":true,"href":"http:\/\/www.apucarana.pr.gov.br\/site\/wp-json\/wp\/v2\/categories?post=22739"},{"taxonomy":"post_tag","embeddable":true,"href":"http:\/\/www.apucarana.pr.gov.br\/site\/wp-json\/wp\/v2\/tags?post=22739"}],"curies":[{"name":"wp","href":"https:\/\/api.w.org\/{rel}","templated":true}]}}