{"id":22728,"date":"2019-04-02T10:40:32","date_gmt":"2019-04-02T13:40:32","guid":{"rendered":"http:\/\/172.16.0.7\/site-antigo\/?p=22728"},"modified":"2024-10-08T09:18:19","modified_gmt":"2024-10-08T12:18:19","slug":"autarquia-de-educacao-promove-momento-de-conscientizacao-sobre-o-autismo","status":"publish","type":"post","link":"http:\/\/www.apucarana.pr.gov.br\/site\/autarquia-de-educacao-promove-momento-de-conscientizacao-sobre-o-autismo\/","title":{"rendered":"Autarquia de Educa\u00e7\u00e3o promove momento de conscientiza\u00e7\u00e3o sobre o Autismo"},"content":{"rendered":"<p>Em alus\u00e3o ao Dia Mundial do Autismo (2 de abril), o Centro de Apoio Multiprofissional ao Escolar (CAME), da Autarquia Municipal de Educa\u00e7\u00e3o, promoveu uma palestra de conscientiza\u00e7\u00e3o sobre o tema para os professores e pais de alunos da sua rede. A atividade aconteceu na noite de ontem (1\/4), no Cine Teatro F\u00eanix.<br \/>\nSegundo a coordenadora do CAME, Leia Sofia Viale, a rede municipal de ensino apucaranense atende a 29 alunos diagnosticados com Transtorno do Espectro Autista (TEA). \u201cOs sintomas divergem bastante de um indiv\u00edduo para o outro, mas os principais s\u00e3o dificuldades na comunica\u00e7\u00e3o e intera\u00e7\u00e3o social, comportamento agitado e movimentos repetitivos. O autismo n\u00e3o tem cura, mas ele pode ser trabalhado e reabilitado para que a pessoa se adapte ao conv\u00edvio social e \u00e0s atividades acad\u00eamicas,\u201d explica.<br \/>\nA palestra \u2018Transtorno do Espectro Autista: Quem s\u00e3o? Como atend\u00ea-los\u201d foi ministrada pela professora do Grupo Rhema Educa\u00e7\u00e3o, Maria Eduvirges Guerreiro Leme, que \u00e9 especialista em Defici\u00eancia Mental e mestre em Metodologias para o Ensino de Linguagens e suas Tecnologias.<br \/>\nA Autarquia Municipal de Educa\u00e7\u00e3o garante adapta\u00e7\u00e3o curricular, professores de apoio e atendimento diferenciado aos alunos com TEA. \u201cA inclus\u00e3o das crian\u00e7as com necessidades especiais na comunidade escolar \u00e9 importante para que elas desenvolvam ao m\u00e1ximo as suas habilidades e compet\u00eancias. Esse \u00e9 o nosso objetivo\u201d, afirma a secret\u00e1ria municipal de educa\u00e7\u00e3o, Marli Fernandes.<br \/>\nO prefeito Junior da Femac esteve na abertura da palestra. Ele destaca que Apucarana conquistou a melhor nota (7,5), entre os munic\u00edpios de m\u00e9dio e grande porte do Paran\u00e1, na \u00faltima edi\u00e7\u00e3o do \u00cdndice de Desenvolvimento da Educa\u00e7\u00e3o B\u00e1sica (Ideb). \u201cIsso s\u00f3 \u00e9 poss\u00edvel gra\u00e7as aos esfor\u00e7os encabe\u00e7ados pela Autarquia Municipal de Educa\u00e7\u00e3o, por meio do CAME, para garantir que todos os alunos tenham o apoio e os recursos necess\u00e1rios para uma aprendizagem consistente\u201d.<br \/>\nEncerrando a Semana de Conscientiza\u00e7\u00e3o do Autismo, a Associa\u00e7\u00e3o de Pais e Amigos dos Autistas Apucaranenses (AMAA) realiza uma caminhada na pr\u00f3xima sexta-feira (5\/4), com sa\u00edda \u00e0s 16 horas da Pra\u00e7a Rui Barbosa.<\/p>\n","protected":false},"excerpt":{"rendered":"<p>A rede municipal de ensino apucaranense atende a 29 alunos diagnosticados com Transtorno do Espectro Autista (Fotos: Josias Pinto)<\/p>\n","protected":false},"author":4,"featured_media":22736,"comment_status":"closed","ping_status":"open","sticky":false,"template":"","format":"standard","meta":{"footnotes":""},"categories":[24],"tags":[151,188,43,39],"class_list":["post-22728","post","type-post","status-publish","format-standard","has-post-thumbnail","hentry","category-noticias","tag-conscientizacao","tag-dia-mundial-do-autismo","tag-educacao-especial","tag-prefeitura-de-apucarana"],"acf":[],"_links":{"self":[{"href":"http:\/\/www.apucarana.pr.gov.br\/site\/wp-json\/wp\/v2\/posts\/22728","targetHints":{"allow":["GET"]}}],"collection":[{"href":"http:\/\/www.apucarana.pr.gov.br\/site\/wp-json\/wp\/v2\/posts"}],"about":[{"href":"http:\/\/www.apucarana.pr.gov.br\/site\/wp-json\/wp\/v2\/types\/post"}],"author":[{"embeddable":true,"href":"http:\/\/www.apucarana.pr.gov.br\/site\/wp-json\/wp\/v2\/users\/4"}],"replies":[{"embeddable":true,"href":"http:\/\/www.apucarana.pr.gov.br\/site\/wp-json\/wp\/v2\/comments?post=22728"}],"version-history":[{"count":1,"href":"http:\/\/www.apucarana.pr.gov.br\/site\/wp-json\/wp\/v2\/posts\/22728\/revisions"}],"predecessor-version":[{"id":100593,"href":"http:\/\/www.apucarana.pr.gov.br\/site\/wp-json\/wp\/v2\/posts\/22728\/revisions\/100593"}],"wp:featuredmedia":[{"embeddable":true,"href":"http:\/\/www.apucarana.pr.gov.br\/site\/wp-json\/"}],"wp:attachment":[{"href":"http:\/\/www.apucarana.pr.gov.br\/site\/wp-json\/wp\/v2\/media?parent=22728"}],"wp:term":[{"taxonomy":"category","embeddable":true,"href":"http:\/\/www.apucarana.pr.gov.br\/site\/wp-json\/wp\/v2\/categories?post=22728"},{"taxonomy":"post_tag","embeddable":true,"href":"http:\/\/www.apucarana.pr.gov.br\/site\/wp-json\/wp\/v2\/tags?post=22728"}],"curies":[{"name":"wp","href":"https:\/\/api.w.org\/{rel}","templated":true}]}}