{"id":22553,"date":"2019-03-26T17:56:31","date_gmt":"2019-03-26T20:56:31","guid":{"rendered":"http:\/\/172.16.0.7\/site-antigo\/?p=22553"},"modified":"2024-10-08T09:18:20","modified_gmt":"2024-10-08T12:18:20","slug":"aplicativo-facilita-a-contratacao-de-servicos-autonomos","status":"publish","type":"post","link":"http:\/\/www.apucarana.pr.gov.br\/site\/aplicativo-facilita-a-contratacao-de-servicos-autonomos\/","title":{"rendered":"Aplicativo facilita a contrata\u00e7\u00e3o de servi\u00e7os aut\u00f4nomos"},"content":{"rendered":"<p>Profissionais prestadores de servi\u00e7o aut\u00f4nomos de Apucarana e demais cidades do Paran\u00e1 t\u00eam agora uma ferramenta tecnol\u00f3gica como aliada na amplia\u00e7\u00e3o da rede de contatos e, consequentemente, no aumento da renda. Lan\u00e7ado em meados deste m\u00eas, o aplicativo \u201cParan\u00e1 Servi\u00e7os\u201d vem sendo apontado como uma solu\u00e7\u00e3o inovadora do Governo do Paran\u00e1 para facilitar a vida do cidad\u00e3o que pretende contratar um servi\u00e7o aut\u00f4nomo, mas tamb\u00e9m aumentar a empregabilidade e tirar os trabalhadores da informalidade.<br \/>\nOs detalhes do aplicativo, criado pela Secretaria de Estado da Justi\u00e7a, Fam\u00edlia e Trabalho, foram apresentados nesta ter\u00e7a-feira (26\/03) pelo gerente da Ag\u00eancia do Trabalhador de Apucarana, Rodrigo Li\u00e9vore (Recife). \u201c\u00c9 uma ferramenta que acreditamos que vai realmente trazer muitos benef\u00edcios tanto para o trabalhador, quanto para quem necessita do servi\u00e7o. Uma iniciativa do Governo Ratinho J\u00fanior, que est\u00e1 alinhada com as pol\u00edticas municipais da gest\u00e3o Beto Preto e do prefeito J\u00fanior da Femac no tocante ao fomento de mais oportunidades de gera\u00e7\u00e3o de emprego e renda para a popula\u00e7\u00e3o\u201d, frisa Recife.<br \/>\nO app, desenvolvido pela Companhia de Tecnologia da Informa\u00e7\u00e3o e Comunica\u00e7\u00e3o do Paran\u00e1 (Celepar), j\u00e1 est\u00e1 dispon\u00edvel para os sistemas Android e iOS. \u201cA pessoa pode realizar todo o cadastramento ela mesmo, mas caso precise de mais orienta\u00e7\u00f5es de como fazer o download e utiliza\u00e7\u00e3o da ferramenta, basta procurar a Ag\u00eancia do Trabalhador, que auxiliaremos no que for necess\u00e1rio. O importante \u00e9 que ela n\u00e3o fique de fora deste aplicativo\u201d, esclarece Recife. De acordo com ele, o cadastramento \u00e9 aberto a todas as profiss\u00f5es aut\u00f4nomas. \u201cQueremos que essa inova\u00e7\u00e3o beneficie a todos que procuram ampliar sua rede de servi\u00e7os: bab\u00e1s, diaristas, maridos de aluguel, gar\u00e7ons, pedreiros, mec\u00e2nicos, eletricistas, animadores de festas, cabeleireiras, barbeiros, manicures e pedicures, costureira, entre outros\u201d, contextualiza o gerente da Ag\u00eancia do Trabalhador de Apucarana.<br \/>\nAl\u00e9m de cadastrar os profissionais no sistema para que sejam encontrados e contratados diretamente pelos usu\u00e1rios, a ideia do Governo do Paran\u00e1 e de que o usu\u00e1rio receba capacita\u00e7\u00e3o profissional e a orienta\u00e7\u00e3o necess\u00e1ria para que torne-se microempreendedor individual (MEI). \u201cIsso tamb\u00e9m foi pensado pelo Secret\u00e1rio da Justi\u00e7a, Fam\u00edlia e Trabalho, Ney Leprevost. E para tanto teremos como grande parceiro deste aplicativo a Sala do Empreendedor\u201d, assinala Recife. Ao deixar de ser um profissional aut\u00f4nomo informal e se tornar um MEI, a pessoa ter\u00e1 acesso a uma s\u00e9rie de benef\u00edcios, como por exemplo, cobertura do INSS.<br \/>\nUma pesquisa realizada pela Celepar, em 2017, indica que 35% das pessoas que buscam emprego nas Ag\u00eancias do Trabalhador t\u00eam potencial para exercer uma atividade profissional aut\u00f4noma.<br \/>\nA Ag\u00eancia do Trabalhador de Apucarana funciona de segunda a sexta-feira, das 8 \u00e0s 17 horas. O contato, para mais informa\u00e7\u00f5es sobre o aplicativo \u201cParan\u00e1 Servi\u00e7os\u201d, pode ser feito pelos telefones 3423-1376 ou diretamente na Rua Ren\u00ea Camargo de Azambuja, 705 \u2013 centro.<\/p>\n","protected":false},"excerpt":{"rendered":"<p>Os detalhes do aplicativo, criado pela Secretaria de Estado da Justi\u00e7a, Fam\u00edlia e Trabalho, foram apresentados nesta ter\u00e7a-feira (26\/03) pelo gerente da Ag\u00eancia do Trabalhador de Apucarana, Rodrigo Li\u00e9vore (Recife) (Foto: Profeta)<\/p>\n","protected":false},"author":4,"featured_media":22555,"comment_status":"closed","ping_status":"open","sticky":false,"template":"","format":"standard","meta":{"footnotes":""},"categories":[24],"tags":[],"class_list":["post-22553","post","type-post","status-publish","format-standard","has-post-thumbnail","hentry","category-noticias"],"acf":[],"_links":{"self":[{"href":"http:\/\/www.apucarana.pr.gov.br\/site\/wp-json\/wp\/v2\/posts\/22553","targetHints":{"allow":["GET"]}}],"collection":[{"href":"http:\/\/www.apucarana.pr.gov.br\/site\/wp-json\/wp\/v2\/posts"}],"about":[{"href":"http:\/\/www.apucarana.pr.gov.br\/site\/wp-json\/wp\/v2\/types\/post"}],"author":[{"embeddable":true,"href":"http:\/\/www.apucarana.pr.gov.br\/site\/wp-json\/wp\/v2\/users\/4"}],"replies":[{"embeddable":true,"href":"http:\/\/www.apucarana.pr.gov.br\/site\/wp-json\/wp\/v2\/comments?post=22553"}],"version-history":[{"count":1,"href":"http:\/\/www.apucarana.pr.gov.br\/site\/wp-json\/wp\/v2\/posts\/22553\/revisions"}],"predecessor-version":[{"id":100611,"href":"http:\/\/www.apucarana.pr.gov.br\/site\/wp-json\/wp\/v2\/posts\/22553\/revisions\/100611"}],"wp:featuredmedia":[{"embeddable":true,"href":"http:\/\/www.apucarana.pr.gov.br\/site\/wp-json\/"}],"wp:attachment":[{"href":"http:\/\/www.apucarana.pr.gov.br\/site\/wp-json\/wp\/v2\/media?parent=22553"}],"wp:term":[{"taxonomy":"category","embeddable":true,"href":"http:\/\/www.apucarana.pr.gov.br\/site\/wp-json\/wp\/v2\/categories?post=22553"},{"taxonomy":"post_tag","embeddable":true,"href":"http:\/\/www.apucarana.pr.gov.br\/site\/wp-json\/wp\/v2\/tags?post=22553"}],"curies":[{"name":"wp","href":"https:\/\/api.w.org\/{rel}","templated":true}]}}