{"id":22534,"date":"2019-03-26T10:59:53","date_gmt":"2019-03-26T13:59:53","guid":{"rendered":"http:\/\/172.16.0.7\/site-antigo\/?p=22534"},"modified":"2024-10-08T09:18:20","modified_gmt":"2024-10-08T12:18:20","slug":"pedal-solidario-reune-mais-de-400-ciclistas","status":"publish","type":"post","link":"http:\/\/www.apucarana.pr.gov.br\/site\/pedal-solidario-reune-mais-de-400-ciclistas\/","title":{"rendered":"Pedal solid\u00e1rio re\u00fane mais de 400 ciclistas"},"content":{"rendered":"<p>O 2\u00ba Pedal Solid\u00e1rio, promovido pela Associa\u00e7\u00e3o Terra Brasil dos Ciclistas de Apucarana com o apoio da Prefeitura, reuniu mais de 400 ciclistas. O evento, que aconteceu no domingo (24\/03), foi em prol do Hospital da Provid\u00eancia e do Lar Sagrada Fam\u00edlia.<br \/>\nOs participantes foram recepcionados no sal\u00e3o paroquial da Capela Nossa Senhora Aparecida, no Barreiro, com um caf\u00e9 da manh\u00e3 servido a partir das 6h. A largada para o evento ocorreu \u00e0s 8h e os ciclistas se dividiram em percursos de 15km, 30km e 50km.<br \/>\nO prefeito Junior da Femac prestigiou o evento e destacou o vi\u00e9s solid\u00e1rio, al\u00e9m da organiza\u00e7\u00e3o da atividade. \u201cOs trechos estavam muito bem sinalizados com marca\u00e7\u00f5es em cal, placas de indica\u00e7\u00e3o das rotas e advert\u00eancia em locais perigosos e com lindas paisagens naturais para a alegria de todos os participantes\u201d, assinala o prefeito.<br \/>\nA secret\u00e1ria municipal de Esportes e Lazer, Jossuela Pinheio, lembra ainda que durante todo o percurso foram instalados pontos de hidrata\u00e7\u00e3o, nos quais os participantes\u00a0 tiveram acesso a frutas, \u00e1gua gelada e \u201cpa\u00e7oquinha\u201d. \u201cO evento foi um sucesso. A organiza\u00e7\u00e3o do pedal recebeu muitos elogios e esperamos que a edi\u00e7\u00e3o do ano que vem tenha um n\u00famero ainda maior de participantes\u201d, projeta.<\/p>\n","protected":false},"excerpt":{"rendered":"<p>O prefeito Junior da Femac prestigiou a atividade, que ofereceu percursos de 15 km, 30 km e at\u00e9  50 km. (Fotos: Josias Profeta)<\/p>\n","protected":false},"author":4,"featured_media":22541,"comment_status":"closed","ping_status":"open","sticky":false,"template":"","format":"standard","meta":{"footnotes":""},"categories":[24],"tags":[],"class_list":["post-22534","post","type-post","status-publish","format-standard","has-post-thumbnail","hentry","category-noticias"],"acf":[],"_links":{"self":[{"href":"http:\/\/www.apucarana.pr.gov.br\/site\/wp-json\/wp\/v2\/posts\/22534","targetHints":{"allow":["GET"]}}],"collection":[{"href":"http:\/\/www.apucarana.pr.gov.br\/site\/wp-json\/wp\/v2\/posts"}],"about":[{"href":"http:\/\/www.apucarana.pr.gov.br\/site\/wp-json\/wp\/v2\/types\/post"}],"author":[{"embeddable":true,"href":"http:\/\/www.apucarana.pr.gov.br\/site\/wp-json\/wp\/v2\/users\/4"}],"replies":[{"embeddable":true,"href":"http:\/\/www.apucarana.pr.gov.br\/site\/wp-json\/wp\/v2\/comments?post=22534"}],"version-history":[{"count":1,"href":"http:\/\/www.apucarana.pr.gov.br\/site\/wp-json\/wp\/v2\/posts\/22534\/revisions"}],"predecessor-version":[{"id":100613,"href":"http:\/\/www.apucarana.pr.gov.br\/site\/wp-json\/wp\/v2\/posts\/22534\/revisions\/100613"}],"wp:featuredmedia":[{"embeddable":true,"href":"http:\/\/www.apucarana.pr.gov.br\/site\/wp-json\/"}],"wp:attachment":[{"href":"http:\/\/www.apucarana.pr.gov.br\/site\/wp-json\/wp\/v2\/media?parent=22534"}],"wp:term":[{"taxonomy":"category","embeddable":true,"href":"http:\/\/www.apucarana.pr.gov.br\/site\/wp-json\/wp\/v2\/categories?post=22534"},{"taxonomy":"post_tag","embeddable":true,"href":"http:\/\/www.apucarana.pr.gov.br\/site\/wp-json\/wp\/v2\/tags?post=22534"}],"curies":[{"name":"wp","href":"https:\/\/api.w.org\/{rel}","templated":true}]}}