{"id":22527,"date":"2019-03-26T10:46:29","date_gmt":"2019-03-26T13:46:29","guid":{"rendered":"http:\/\/172.16.0.7\/site-antigo\/?p=22527"},"modified":"2024-10-08T09:18:20","modified_gmt":"2024-10-08T12:18:20","slug":"cine-fenix-cultural-apresenta-filme-taxi-teera","status":"publish","type":"post","link":"http:\/\/www.apucarana.pr.gov.br\/site\/cine-fenix-cultural-apresenta-filme-taxi-teera\/","title":{"rendered":"Cine F\u00eanix Cultural apresenta filme T\u00e1xi Teer\u00e3"},"content":{"rendered":"<p>O Programa Cine F\u00eanix Cultural disponibilizar\u00e1 ao p\u00fablico mais uma sess\u00e3o gratuita de cinema. Neste s\u00e1bado (30\/03), a partir das 15h, ser\u00e1 exibido o filme \u201cT\u00e1xi Teer\u00e3\u201d. Ao final, os expectadores participar\u00e3o de um debate\u00a0no qual trocar\u00e3o impress\u00f5es sobre a produ\u00e7\u00e3o.<br \/>\nA Professora Maria Agar, secret\u00e1ria municipal de Promo\u00e7\u00e3o Art\u00edstica, Cultural e Tur\u00edstica, afirma que o Cine F\u00eanix Cultural foi criado para exibir filmes n\u00e3o-comerciais. &#8220;Muitos dos quais premiados e que muitas vezes geram algum tipo de pol\u00eamica\u201d, comenta.<br \/>\nAp\u00f3s o filme, o debate ser\u00e1 mediado por Fernanda Tarran, professora de Letras da Universidade Estadual do Paran\u00e1 (Unespar). \u201cA nossa convidada vai dividir suas impress\u00f5es do filme com suas experi\u00eancias na capital do Ir\u00e3\u201d, observa Maria Agar.<br \/>\nO filme \u201cT\u00e1xi Teer\u00e3\u201d foi reconhecido e premiado em v\u00e1rios festivais, levando o pr\u00eamio m\u00e1ximo do Festival de Berlim, o Urso de Ouro do Berlinale. As circunst\u00e2ncias que envolvem a produ\u00e7\u00e3o s\u00e3o bem peculiares. O diretor Jafar Panahi resolveu gravar o filme mesmo sob proibi\u00e7\u00e3o por parte do governo do Ir\u00e3. Para isso, instalou uma c\u00e2mera em um t\u00e1xi, tomando o papel simult\u00e2neo de motorista e cineasta.<br \/>\nO resultado \u00e9 uma mistura de registros de document\u00e1rio com inclus\u00f5es de com\u00e9dia e drama, em forma de conversas por vezes engra\u00e7ad\u00edssimas e muito relacionadas \u00e0 complexa situa\u00e7\u00e3o social e pol\u00edtica do pa\u00eds.<br \/>\nA secret\u00e1ria da Promatur lembra que depois do debate haver\u00e1 a escolha da pr\u00f3xima sess\u00e3o. \u201cPor isso, pedimos para que as pessoas fiquem at\u00e9 o final, participando da escolha da pr\u00f3xima atra\u00e7\u00e3o do Cine F\u00eanix Cultural\u201d, solicita Maria Agar.<br \/>\n&nbsp;<br \/>\n&nbsp;<\/p>\n","protected":false},"excerpt":{"rendered":"<p>Ap\u00f3s a exibi\u00e7\u00e3o, que acontece \u00e0s 15 horas deste s\u00e1bado no Cine Teatro F\u00eanix, haver\u00e1 um debate sobre a pol\u00eamica produ\u00e7\u00e3o. <\/p>\n","protected":false},"author":4,"featured_media":22530,"comment_status":"closed","ping_status":"open","sticky":false,"template":"","format":"standard","meta":{"footnotes":""},"categories":[24],"tags":[],"class_list":["post-22527","post","type-post","status-publish","format-standard","has-post-thumbnail","hentry","category-noticias"],"acf":[],"_links":{"self":[{"href":"http:\/\/www.apucarana.pr.gov.br\/site\/wp-json\/wp\/v2\/posts\/22527","targetHints":{"allow":["GET"]}}],"collection":[{"href":"http:\/\/www.apucarana.pr.gov.br\/site\/wp-json\/wp\/v2\/posts"}],"about":[{"href":"http:\/\/www.apucarana.pr.gov.br\/site\/wp-json\/wp\/v2\/types\/post"}],"author":[{"embeddable":true,"href":"http:\/\/www.apucarana.pr.gov.br\/site\/wp-json\/wp\/v2\/users\/4"}],"replies":[{"embeddable":true,"href":"http:\/\/www.apucarana.pr.gov.br\/site\/wp-json\/wp\/v2\/comments?post=22527"}],"version-history":[{"count":1,"href":"http:\/\/www.apucarana.pr.gov.br\/site\/wp-json\/wp\/v2\/posts\/22527\/revisions"}],"predecessor-version":[{"id":100614,"href":"http:\/\/www.apucarana.pr.gov.br\/site\/wp-json\/wp\/v2\/posts\/22527\/revisions\/100614"}],"wp:featuredmedia":[{"embeddable":true,"href":"http:\/\/www.apucarana.pr.gov.br\/site\/wp-json\/"}],"wp:attachment":[{"href":"http:\/\/www.apucarana.pr.gov.br\/site\/wp-json\/wp\/v2\/media?parent=22527"}],"wp:term":[{"taxonomy":"category","embeddable":true,"href":"http:\/\/www.apucarana.pr.gov.br\/site\/wp-json\/wp\/v2\/categories?post=22527"},{"taxonomy":"post_tag","embeddable":true,"href":"http:\/\/www.apucarana.pr.gov.br\/site\/wp-json\/wp\/v2\/tags?post=22527"}],"curies":[{"name":"wp","href":"https:\/\/api.w.org\/{rel}","templated":true}]}}