{"id":22506,"date":"2019-03-25T10:44:01","date_gmt":"2019-03-25T13:44:01","guid":{"rendered":"http:\/\/172.16.0.7\/site-antigo\/?p=22506"},"modified":"2024-10-08T09:18:21","modified_gmt":"2024-10-08T12:18:21","slug":"saude-atende-475-mulheres-no-dia-de-intensificacao-do-preventivo","status":"publish","type":"post","link":"http:\/\/www.apucarana.pr.gov.br\/site\/saude-atende-475-mulheres-no-dia-de-intensificacao-do-preventivo\/","title":{"rendered":"Sa\u00fade atende 475 mulheres no \u201cDia de Intensifica\u00e7\u00e3o do Preventivo\u201d"},"content":{"rendered":"<p>O Dia de Intensifica\u00e7\u00e3o do exame preventivo atraiu 475 mulheres na Autarquia Municipal de Sa\u00fade (AMS) de Apucarana, no \u00faltimo s\u00e1bado. Al\u00e9m do exame de preven\u00e7\u00e3o do c\u00e2ncer do colo do \u00fatero, parte deste p\u00fablico ainda recebeu outros servi\u00e7os de sa\u00fade. Foram realizados 242 encaminhamentos para mamografia, 40 atendimentos de massoterapia, 320 pacientes realizaram o teste r\u00e1pido de HIV, s\u00edfilis e hepatite B e C, e ainda 35 mulheres receberam cuidados com a pele e maquiagem.<br \/>\nEsses n\u00fameros refletem o sucesso da iniciativa que visa ofertar um dia alternativo para as apucaranenses realizarem esses dois importantes exames de preven\u00e7\u00e3o do c\u00e2ncer do colo do \u00fatero e da mama. Irene Pereira de Freitas, 59 anos, artes\u00e3 e moradora da Vila S\u00e3o Carlos, estava entre as primeiras a realizar os exames \u00e0s 8 horas da manh\u00e3. \u201cVim fazer o preventivo nas quatro vezes o atendimento foi realizado em s\u00e1bados e feriado. Facilita muito para gente, pois \u00e9 um dia mais tranquilo. Tamb\u00e9m \u00e9 importante o fato de n\u00e3o haver muito tempo de espera. \u00c9 tudo muito r\u00e1pido. Enfim, esse dia especial \u00e9 a melhor coisa que a sa\u00fade vem oferecendo para a mulher que precisa fazer esses exames todo ano\u201d, avalia Irene.<br \/>\nA aposentada Aparecida Matula, 61 anos, moradora do Sumatra II, tem o cuidado de realizar o exame preventivo e mama todo ano. \u201cVim logo cedo para aproveitar que o atendimento est\u00e1 sendo no s\u00e1bado. Esse tipo de campanha no final de semana \u00e9 bem melhor. \u00c9 um dia em que \u00e9 mais f\u00e1cil de se programar para esse cuidado com a sa\u00fade\u201d, afirma Aparecida.<br \/>\nMaria Aparecida Andr\u00e9 de Souza, 46 anos e moradora do Parque da Cerejeira, tirou a manh\u00e3 de s\u00e1bado para ficar em dia com cuidados essenciais a sa\u00fade de toda mulher. \u201cFiz o preventivo, o pedido para mamografia e agora os testes r\u00e1pidos. \u00c9 muito bom ter todos esses atendimentos num lugar s\u00f3 e num dia de s\u00e1bado. Trabalho todos os dias da semana e n\u00e3o gosto de faltar para ir \u00e0 unidade de sa\u00fade. Aqui ficou perfeito e s\u00f3 tenho que elogiar dos os atendimentos que recebi aqui\u201d, destaca Maria Aparecida.<br \/>\nA Massoterapia, a cargo de servidores da sa\u00fade com curso na \u00e1rea, teve a procura de 40 mulheres, entre elas Cleusa Teles, de 64 anos, aposentada e moradora na \u00e1rea central. \u201cFiz o preventivo, os testes r\u00e1pidos e agora a massagem. Vou sair daqui relaxada. Hoje estou me dedicando a mim mesma\u201d, declara Cleusa.<br \/>\nRespons\u00e1vel pelo atendimento de cuidados de beleza durante o evento, Viviane Martins disse que foi gratificante levar autoestima para as mulheres que vieram em busca de cuidados preventivos da sua sa\u00fade. \u201cSeremos parceiros da sa\u00fade em novas iniciativas como essas\u201d, assegura Viviane.<br \/>\nO prefeito Junior da Femac, que acompanhou o atendimento em parte do dia, destacou a organiza\u00e7\u00e3o do evento e da resposta das mulheres ao chamamento da sa\u00fade para esse atendimento em dia diferenciado. \u201cO que estamos vendo aqui \u00e9 muito bonito e nos estimula a promover iniciativas que disponibilizem mais oportunidades para popula\u00e7\u00e3o cuidar da sa\u00fade\u201d, disse Junior.<br \/>\nO diretor presidente da AMS, Roberto Kaneta, comemora o resultado do evento e lembra o quanto isso reflete em vidas salvas. \u201cEsses exames podem detectar as doen\u00e7as em est\u00e1gio inicial que oferecem grandes chances de cura\u201d, observa Kaneta.<br \/>\n&nbsp;<br \/>\n&nbsp;<\/p>\n","protected":false},"excerpt":{"rendered":"<p>Tamb\u00e9m foram realizados 242 encaminhamentos para mamografia, teste r\u00e1pido de HIV, s\u00edfilis e hepatite B e C em 320 pacientes e 40 atendimentos de massoterapia (Fotos &#8211; Profeta)<\/p>\n","protected":false},"author":4,"featured_media":22507,"comment_status":"closed","ping_status":"open","sticky":false,"template":"","format":"standard","meta":{"footnotes":""},"categories":[24],"tags":[],"class_list":["post-22506","post","type-post","status-publish","format-standard","has-post-thumbnail","hentry","category-noticias"],"acf":[],"_links":{"self":[{"href":"http:\/\/www.apucarana.pr.gov.br\/site\/wp-json\/wp\/v2\/posts\/22506","targetHints":{"allow":["GET"]}}],"collection":[{"href":"http:\/\/www.apucarana.pr.gov.br\/site\/wp-json\/wp\/v2\/posts"}],"about":[{"href":"http:\/\/www.apucarana.pr.gov.br\/site\/wp-json\/wp\/v2\/types\/post"}],"author":[{"embeddable":true,"href":"http:\/\/www.apucarana.pr.gov.br\/site\/wp-json\/wp\/v2\/users\/4"}],"replies":[{"embeddable":true,"href":"http:\/\/www.apucarana.pr.gov.br\/site\/wp-json\/wp\/v2\/comments?post=22506"}],"version-history":[{"count":1,"href":"http:\/\/www.apucarana.pr.gov.br\/site\/wp-json\/wp\/v2\/posts\/22506\/revisions"}],"predecessor-version":[{"id":100616,"href":"http:\/\/www.apucarana.pr.gov.br\/site\/wp-json\/wp\/v2\/posts\/22506\/revisions\/100616"}],"wp:featuredmedia":[{"embeddable":true,"href":"http:\/\/www.apucarana.pr.gov.br\/site\/wp-json\/"}],"wp:attachment":[{"href":"http:\/\/www.apucarana.pr.gov.br\/site\/wp-json\/wp\/v2\/media?parent=22506"}],"wp:term":[{"taxonomy":"category","embeddable":true,"href":"http:\/\/www.apucarana.pr.gov.br\/site\/wp-json\/wp\/v2\/categories?post=22506"},{"taxonomy":"post_tag","embeddable":true,"href":"http:\/\/www.apucarana.pr.gov.br\/site\/wp-json\/wp\/v2\/tags?post=22506"}],"curies":[{"name":"wp","href":"https:\/\/api.w.org\/{rel}","templated":true}]}}