{"id":22500,"date":"2019-03-23T14:20:32","date_gmt":"2019-03-23T17:20:32","guid":{"rendered":"http:\/\/172.16.0.7\/site-antigo\/?p=22500"},"modified":"2024-10-08T09:18:21","modified_gmt":"2024-10-08T12:18:21","slug":"coleta-do-preventivo-tem-grande-procura-neste-sabado","status":"publish","type":"post","link":"http:\/\/www.apucarana.pr.gov.br\/site\/coleta-do-preventivo-tem-grande-procura-neste-sabado\/","title":{"rendered":"Coleta do preventivo tem grande procura neste s\u00e1bado"},"content":{"rendered":"<p>Apenas uma hora depois do in\u00edcio do atendimento na manh\u00e3 deste s\u00e1bado, 180 mulheres j\u00e1 haviam comparecido na Autarquia Municipal de Sa\u00fade no \u201cDia de Intensifica\u00e7\u00e3o\u201d da coleta do exame preventivo e encaminhamento para mamografia. \u00c0s 13 horas, faltando 3 horas e meia para encerrar a oferta do servi\u00e7o, esse n\u00famero chegou a 365.<br \/>\nA iniciativa, j\u00e1 um sucesso no dia de hoje, visa ofertar um dia alternativo para as apucaranenses realizarem esses dois importantes exames de preven\u00e7\u00e3o do c\u00e2ncer do colo do \u00fatero e da mama. O atendimento segue at\u00e9 as 16h30 e ainda oferece exames r\u00e1pidos de HIV, s\u00edfilis e hepatite B e C; massoterapia; e orienta\u00e7\u00f5es de beleza. A programa\u00e7\u00e3o faz parte das comemora\u00e7\u00f5es do \u201cM\u00eas da Mulher\u201d. A Autarquia Municipal de Sa\u00fade est\u00e1 localizada na Rua Miguel Sime\u00e3o, 69, pr\u00f3ximo ao CentroNorte Shopping Center.<br \/>\nIrene Pereira de Freitas, 59 anos, artes\u00e3 e moradora da Vila S\u00e3o Carlos, estava entre as primeiras a realizar os exames \u00e0s 8 horas da manh\u00e3. \u201cVim fazer o preventivo nas quatro vezes em que o atendimento foi realizado em s\u00e1bados e feriado. Facilita muito para gente, pois \u00e9 um dia mais tranquilo. Tamb\u00e9m \u00e9 importante o fato de n\u00e3o haver muito tempo de espera. \u00c9 tudo muito r\u00e1pido. Enfim, esse dia especial \u00e9 a melhor coisa que a sa\u00fade vem oferecendo para a mulher que precisa fazer esses exames todo ano\u201d, avalia Irene.<br \/>\n&nbsp;<\/p>\n","protected":false},"excerpt":{"rendered":"<p>\u00c0s 13 horas, faltando 3 horas e meia para encerrar a oferta do servi\u00e7o,  365 mulheres j\u00e1 haviam comparecido na Autarquia Municipal de Sa\u00fade no \u201cDia de Intensifica\u00e7\u00e3o\u201d da coleta do exame preventivo e encaminhamento para mamografia<\/p>\n","protected":false},"author":4,"featured_media":22501,"comment_status":"closed","ping_status":"open","sticky":false,"template":"","format":"standard","meta":{"footnotes":""},"categories":[24],"tags":[],"class_list":["post-22500","post","type-post","status-publish","format-standard","has-post-thumbnail","hentry","category-noticias"],"acf":[],"_links":{"self":[{"href":"http:\/\/www.apucarana.pr.gov.br\/site\/wp-json\/wp\/v2\/posts\/22500","targetHints":{"allow":["GET"]}}],"collection":[{"href":"http:\/\/www.apucarana.pr.gov.br\/site\/wp-json\/wp\/v2\/posts"}],"about":[{"href":"http:\/\/www.apucarana.pr.gov.br\/site\/wp-json\/wp\/v2\/types\/post"}],"author":[{"embeddable":true,"href":"http:\/\/www.apucarana.pr.gov.br\/site\/wp-json\/wp\/v2\/users\/4"}],"replies":[{"embeddable":true,"href":"http:\/\/www.apucarana.pr.gov.br\/site\/wp-json\/wp\/v2\/comments?post=22500"}],"version-history":[{"count":1,"href":"http:\/\/www.apucarana.pr.gov.br\/site\/wp-json\/wp\/v2\/posts\/22500\/revisions"}],"predecessor-version":[{"id":100617,"href":"http:\/\/www.apucarana.pr.gov.br\/site\/wp-json\/wp\/v2\/posts\/22500\/revisions\/100617"}],"wp:featuredmedia":[{"embeddable":true,"href":"http:\/\/www.apucarana.pr.gov.br\/site\/wp-json\/"}],"wp:attachment":[{"href":"http:\/\/www.apucarana.pr.gov.br\/site\/wp-json\/wp\/v2\/media?parent=22500"}],"wp:term":[{"taxonomy":"category","embeddable":true,"href":"http:\/\/www.apucarana.pr.gov.br\/site\/wp-json\/wp\/v2\/categories?post=22500"},{"taxonomy":"post_tag","embeddable":true,"href":"http:\/\/www.apucarana.pr.gov.br\/site\/wp-json\/wp\/v2\/tags?post=22500"}],"curies":[{"name":"wp","href":"https:\/\/api.w.org\/{rel}","templated":true}]}}