{"id":22349,"date":"2019-03-19T16:02:23","date_gmt":"2019-03-19T19:02:23","guid":{"rendered":"http:\/\/172.16.0.7\/site-antigo\/?p=22349"},"modified":"2024-10-08T09:18:22","modified_gmt":"2024-10-08T12:18:22","slug":"prefeito-anuncia-novidades-para-a-terceira-idade","status":"publish","type":"post","link":"http:\/\/www.apucarana.pr.gov.br\/site\/prefeito-anuncia-novidades-para-a-terceira-idade\/","title":{"rendered":"Prefeito anuncia novidades para a terceira idade"},"content":{"rendered":"<p>No Brasil, os idosos j\u00e1 somam mais de 30 milh\u00f5es de pessoas. O crescimento percentual da faixa et\u00e1ria indica que, em 20 anos, o Pa\u00eds ter\u00e1 mais habitantes na terceira idade do que crian\u00e7as. Por isso, o debate em torno do tema \u201cOs desafios do envelhecimento no S\u00e9culo XXI e o papel das pol\u00edticas p\u00fablicas\u201d n\u00e3o poderia ser mais necess\u00e1rio e urgente. Foi esta a proposi\u00e7\u00e3o principal da 5\u00aa Confer\u00eancia Municipal da Pessoa Idosa que teve in\u00edcio, na manh\u00e3 desta ter\u00e7a-feira (19\/3), com representantes das \u00e1reas de assist\u00eancia social, sa\u00fade, educa\u00e7\u00e3o, lazer e esportes, al\u00e9m de autoridades dos poderes legislativo, executivo e judici\u00e1rio municipais. A Miss Terceira Idade 2019, Maria Leonice da Silva Pedro, tamb\u00e9m esteve presente.<br \/>\nCerca de 200 pessoas inscritas compareceram \u00e0 abertura da Confer\u00eancia, no Cine Teatro F\u00eanix. O prefeito J\u00fanior da Femac foi o primeiro a discursar e, depois de homenagear \u00e0queles que chamou de \u201criquezas da cidade\u201d, anunciou as novidades que a Prefeitura est\u00e1 para implantar. \u201cCerca de um ter\u00e7o de nossos atendimentos na UPA \u00e9 para pacientes da terceira idade. Vamos come\u00e7ar por l\u00e1, com um trabalho diferenciado, mas a ideia \u00e9 de que toda a rede de sa\u00fade tenha um atendimento especial para o idoso\u201d, disse o prefeito.<br \/>\nJ\u00fanior da Femac afirmou que n\u00e3o poderia, nesse momento, deixar de contar as outras novidades. \u201cAt\u00e9 o fim desse m\u00eas vamos inaugurar, na Avenida Avia\u00e7\u00e3o, o Centro de Conviv\u00eancia do Idoso, mais um espa\u00e7o de conviv\u00eancia\u201d, contou. \u201cEst\u00e1 ficando lindo l\u00e1\u201d, afirmou. Ele disse ainda que, al\u00e9m do Sesc, haver\u00e1 um segundo baile semanal para a terceira idade, em dia e hor\u00e1rio a serem escolhidos.\u00a0 Anunciou tamb\u00e9m que a piscina do Centro da Juventude passar\u00e1 a ser aquecida, o que vai permitir que sejam abertas classes de hidrogin\u00e1stica, pr\u00e1tica esportiva muito popular entre os idosos.<br \/>\nA secret\u00e1ria de Assist\u00eancia Social Ana Paula Nazarko salientou o fato de que as pol\u00edticas p\u00fablicas voltadas aos idosos de hoje precisam levar em conta o contexto em que se d\u00e1 o envelhecimento. \u201cH\u00e1 dez anos n\u00e3o havia whatsapp\u201d, afirmou. Para ela, uma das pol\u00edticas p\u00fablicas que mais merecem destaque nos dias de hoje \u00e9 a disponibiliza\u00e7\u00e3o de internet para os idosos, bem como a educa\u00e7\u00e3o deles para lidar com as m\u00eddias sociais. \u201cMuitas vezes o idoso pode ter filhos ou netos em outros lugares e estabelecer contato com eles por meio das tecnologias. Ter 75 anos hoje \u00e9 o mesmo que ter 50 no s\u00e9culo passado\u201d, destacou.<br \/>\n&nbsp;<\/p>\n","protected":false},"excerpt":{"rendered":"<p>Cidade vai dispor de equipe de acolhimento na UPA, outra piscina aquecida para hidrogin\u00e1stica, Centro de Conviv\u00eancia do Idoso e um segundo baile<br \/>\n(Fotos: Profeta)<\/p>\n","protected":false},"author":4,"featured_media":22350,"comment_status":"closed","ping_status":"open","sticky":false,"template":"","format":"standard","meta":{"footnotes":""},"categories":[24],"tags":[],"class_list":["post-22349","post","type-post","status-publish","format-standard","has-post-thumbnail","hentry","category-noticias"],"acf":[],"_links":{"self":[{"href":"http:\/\/www.apucarana.pr.gov.br\/site\/wp-json\/wp\/v2\/posts\/22349","targetHints":{"allow":["GET"]}}],"collection":[{"href":"http:\/\/www.apucarana.pr.gov.br\/site\/wp-json\/wp\/v2\/posts"}],"about":[{"href":"http:\/\/www.apucarana.pr.gov.br\/site\/wp-json\/wp\/v2\/types\/post"}],"author":[{"embeddable":true,"href":"http:\/\/www.apucarana.pr.gov.br\/site\/wp-json\/wp\/v2\/users\/4"}],"replies":[{"embeddable":true,"href":"http:\/\/www.apucarana.pr.gov.br\/site\/wp-json\/wp\/v2\/comments?post=22349"}],"version-history":[{"count":1,"href":"http:\/\/www.apucarana.pr.gov.br\/site\/wp-json\/wp\/v2\/posts\/22349\/revisions"}],"predecessor-version":[{"id":100632,"href":"http:\/\/www.apucarana.pr.gov.br\/site\/wp-json\/wp\/v2\/posts\/22349\/revisions\/100632"}],"wp:featuredmedia":[{"embeddable":true,"href":"http:\/\/www.apucarana.pr.gov.br\/site\/wp-json\/"}],"wp:attachment":[{"href":"http:\/\/www.apucarana.pr.gov.br\/site\/wp-json\/wp\/v2\/media?parent=22349"}],"wp:term":[{"taxonomy":"category","embeddable":true,"href":"http:\/\/www.apucarana.pr.gov.br\/site\/wp-json\/wp\/v2\/categories?post=22349"},{"taxonomy":"post_tag","embeddable":true,"href":"http:\/\/www.apucarana.pr.gov.br\/site\/wp-json\/wp\/v2\/tags?post=22349"}],"curies":[{"name":"wp","href":"https:\/\/api.w.org\/{rel}","templated":true}]}}