{"id":22342,"date":"2019-03-19T10:20:40","date_gmt":"2019-03-19T13:20:40","guid":{"rendered":"http:\/\/172.16.0.7\/site-antigo\/?p=22342"},"modified":"2024-10-08T09:18:22","modified_gmt":"2024-10-08T12:18:22","slug":"autarquia-de-educacao-e-instituto-grpcom-renovam-a-parceria-para-o-projeto-televisando","status":"publish","type":"post","link":"http:\/\/www.apucarana.pr.gov.br\/site\/autarquia-de-educacao-e-instituto-grpcom-renovam-a-parceria-para-o-projeto-televisando\/","title":{"rendered":"Autarquia de Educa\u00e7\u00e3o e Instituto GRPCOM renovam a parceria para o projeto Televisando"},"content":{"rendered":"<p>A Autarquia de Educa\u00e7\u00e3o e o Instituto do Grupo Paranaense de Comunica\u00e7\u00e3o (GRPCOM) renovaram a parceria para a realiza\u00e7\u00e3o do concurso cultural Televisando nas escolas municipais de Apucarana. A 12\u00aa edi\u00e7\u00e3o do projeto foi apresentada, na tarde de ontem (18), para os diretores, coordenadores e professores da rede.<br \/>\nEm 2019, a tem\u00e1tica vai envolver as dimens\u00f5es social, econ\u00f4mica e ambiental da Sustentabilidade. As atividades ser\u00e3o feitas a partir de uma s\u00e9rie de reportagens especiais produzidas pela RPC TV. Os educadores tamb\u00e9m receber\u00e3o materiais e participar\u00e3o de cursos de apoio pedag\u00f3gico.<br \/>\nA secret\u00e1ria municipal de educa\u00e7\u00e3o, Marli Fernandes, destaca que concursos culturais como o Televisando s\u00e3o sempre bem-vindos nas escolas, pois contribuem para o desenvolvimento dos conte\u00fados curriculares.<br \/>\n\u201cA cada edi\u00e7\u00e3o, o projeto prop\u00f5e que alunos e professores reflitam sobre uma quest\u00e3o social relevante, contribuindo para a constru\u00e7\u00e3o da cidadania,\u201d afirma.<br \/>\nParticiparam ainda do lan\u00e7amento do Televisando na rede municipal de ensino apucaranense, a gestora estadual do projeto, Luciane Casorillo Travain, e a gestora regional, Aline Munhoz.<\/p>\n","protected":false},"excerpt":{"rendered":"<p>Em 2019, a tem\u00e1tica das atividades aborda as dimens\u00f5es social, econ\u00f4mica e ambiental da Sustentabilidade (Fotos: Profeta)<\/p>\n","protected":false},"author":4,"featured_media":22346,"comment_status":"closed","ping_status":"open","sticky":false,"template":"","format":"standard","meta":{"footnotes":""},"categories":[24],"tags":[53,92,187,162],"class_list":["post-22342","post","type-post","status-publish","format-standard","has-post-thumbnail","hentry","category-noticias","tag-educacao","tag-escolas-municipais","tag-sustentabilidade","tag-televisando"],"acf":[],"_links":{"self":[{"href":"http:\/\/www.apucarana.pr.gov.br\/site\/wp-json\/wp\/v2\/posts\/22342","targetHints":{"allow":["GET"]}}],"collection":[{"href":"http:\/\/www.apucarana.pr.gov.br\/site\/wp-json\/wp\/v2\/posts"}],"about":[{"href":"http:\/\/www.apucarana.pr.gov.br\/site\/wp-json\/wp\/v2\/types\/post"}],"author":[{"embeddable":true,"href":"http:\/\/www.apucarana.pr.gov.br\/site\/wp-json\/wp\/v2\/users\/4"}],"replies":[{"embeddable":true,"href":"http:\/\/www.apucarana.pr.gov.br\/site\/wp-json\/wp\/v2\/comments?post=22342"}],"version-history":[{"count":1,"href":"http:\/\/www.apucarana.pr.gov.br\/site\/wp-json\/wp\/v2\/posts\/22342\/revisions"}],"predecessor-version":[{"id":100633,"href":"http:\/\/www.apucarana.pr.gov.br\/site\/wp-json\/wp\/v2\/posts\/22342\/revisions\/100633"}],"wp:featuredmedia":[{"embeddable":true,"href":"http:\/\/www.apucarana.pr.gov.br\/site\/wp-json\/"}],"wp:attachment":[{"href":"http:\/\/www.apucarana.pr.gov.br\/site\/wp-json\/wp\/v2\/media?parent=22342"}],"wp:term":[{"taxonomy":"category","embeddable":true,"href":"http:\/\/www.apucarana.pr.gov.br\/site\/wp-json\/wp\/v2\/categories?post=22342"},{"taxonomy":"post_tag","embeddable":true,"href":"http:\/\/www.apucarana.pr.gov.br\/site\/wp-json\/wp\/v2\/tags?post=22342"}],"curies":[{"name":"wp","href":"https:\/\/api.w.org\/{rel}","templated":true}]}}