{"id":22336,"date":"2019-03-18T18:07:49","date_gmt":"2019-03-18T21:07:49","guid":{"rendered":"http:\/\/172.16.0.7\/site-antigo\/?p=22336"},"modified":"2024-10-08T09:18:22","modified_gmt":"2024-10-08T12:18:22","slug":"volume-atipico-de-chuvas-afeta-predios-da-rede-municipal-de-ensino","status":"publish","type":"post","link":"http:\/\/www.apucarana.pr.gov.br\/site\/volume-atipico-de-chuvas-afeta-predios-da-rede-municipal-de-ensino\/","title":{"rendered":"Volume at\u00edpico de chuvas afeta pr\u00e9dios da rede municipal de ensino"},"content":{"rendered":"<p>A Autarquia Municipal de Educa\u00e7\u00e3o esclarece que alguns pr\u00e9dios escolares da sua rede foram afetados pelas fortes chuvas que ca\u00edram durante o final de semana em Apucarana. Entretanto, o Departamento de Engenharia da AME e a Secretaria Municipal de Obras est\u00e3o trabalhando juntos desde s\u00e1bado (16) para a solu\u00e7\u00e3o das ocorr\u00eancias, que n\u00e3o afetaram o cronograma de aulas.<br \/>\nNa Escola Jos\u00e9 Brazil Camargo (N\u00facleo Michel Soni), parte do muro aos fundos do terreno cedeu. A mesma situa\u00e7\u00e3o foi registrada na divisa da quadra de esportes da Escola Presidente M\u00e9dici (Jardim Apucarana) com um lote baldio.\u00a0 A limpeza dos dois locais j\u00e1 est\u00e1 sendo providenciada para a reconstru\u00e7\u00e3o dos trechos.<br \/>\nAs fortes chuvas tamb\u00e9m danificaram telhas e calhas no Centro Municipal de Educa\u00e7\u00e3o Infantil (CMEI) Sonhos de Esperan\u00e7a, no Parque Bela Vista. A equipe de manuten\u00e7\u00e3o do Departamento de Engenharia da AME aguarda apenas que o telhado fique seco para a substitui\u00e7\u00e3o das estruturas.<br \/>\nJ\u00e1 na Escola Professor Idalice Moreira Prates (Parque Bela Vista), que est\u00e1 passando por reforma, a enxurrada invadiu o refeit\u00f3rio e o corredor. A construtora respons\u00e1vel pela obra providenciou, no s\u00e1bado, a limpeza das caixas de drenagem e dos locais afetados.<br \/>\nPor fim, a Escola Municipal Vida Nova (CAIC), no Jardim Mon\u00e7\u00f5es, registrou infiltra\u00e7\u00f5es devido ao entupimento de calhas.\u00a0 Mas, a limpeza das mesmas j\u00e1 foi realizada.<br \/>\nA Autarquia Municipal de Educa\u00e7\u00e3o observa que o volume de chuvas que caiu nos \u00faltimos dias foi at\u00edpico. Apesar disso, a entidade compromete-se a realizar todos os servi\u00e7os necess\u00e1rios no menor prazo poss\u00edvel.<\/p>\n","protected":false},"excerpt":{"rendered":"<p>O Departamento de Engenharia da AME e a Secretaria Municipal de Obras est\u00e3o trabalhando juntos desde s\u00e1bado (16) para a solu\u00e7\u00e3o das ocorr\u00eancias. As aulas n\u00e3o foram afetadas.<\/p>\n","protected":false},"author":4,"featured_media":22337,"comment_status":"closed","ping_status":"open","sticky":false,"template":"","format":"standard","meta":{"footnotes":""},"categories":[24],"tags":[],"class_list":["post-22336","post","type-post","status-publish","format-standard","has-post-thumbnail","hentry","category-noticias"],"acf":[],"_links":{"self":[{"href":"http:\/\/www.apucarana.pr.gov.br\/site\/wp-json\/wp\/v2\/posts\/22336","targetHints":{"allow":["GET"]}}],"collection":[{"href":"http:\/\/www.apucarana.pr.gov.br\/site\/wp-json\/wp\/v2\/posts"}],"about":[{"href":"http:\/\/www.apucarana.pr.gov.br\/site\/wp-json\/wp\/v2\/types\/post"}],"author":[{"embeddable":true,"href":"http:\/\/www.apucarana.pr.gov.br\/site\/wp-json\/wp\/v2\/users\/4"}],"replies":[{"embeddable":true,"href":"http:\/\/www.apucarana.pr.gov.br\/site\/wp-json\/wp\/v2\/comments?post=22336"}],"version-history":[{"count":1,"href":"http:\/\/www.apucarana.pr.gov.br\/site\/wp-json\/wp\/v2\/posts\/22336\/revisions"}],"predecessor-version":[{"id":100634,"href":"http:\/\/www.apucarana.pr.gov.br\/site\/wp-json\/wp\/v2\/posts\/22336\/revisions\/100634"}],"wp:featuredmedia":[{"embeddable":true,"href":"http:\/\/www.apucarana.pr.gov.br\/site\/wp-json\/"}],"wp:attachment":[{"href":"http:\/\/www.apucarana.pr.gov.br\/site\/wp-json\/wp\/v2\/media?parent=22336"}],"wp:term":[{"taxonomy":"category","embeddable":true,"href":"http:\/\/www.apucarana.pr.gov.br\/site\/wp-json\/wp\/v2\/categories?post=22336"},{"taxonomy":"post_tag","embeddable":true,"href":"http:\/\/www.apucarana.pr.gov.br\/site\/wp-json\/wp\/v2\/tags?post=22336"}],"curies":[{"name":"wp","href":"https:\/\/api.w.org\/{rel}","templated":true}]}}