{"id":22328,"date":"2019-03-18T15:19:28","date_gmt":"2019-03-18T18:19:28","guid":{"rendered":"http:\/\/172.16.0.7\/site-antigo\/?p=22328"},"modified":"2024-10-08T09:18:22","modified_gmt":"2024-10-08T12:18:22","slug":"prefeito-junior-da-femac-intensifica-reunioes-na-saude","status":"publish","type":"post","link":"http:\/\/www.apucarana.pr.gov.br\/site\/prefeito-junior-da-femac-intensifica-reunioes-na-saude\/","title":{"rendered":"Prefeito Junior da Femac intensifica reuni\u00f5es na Sa\u00fade"},"content":{"rendered":"<p>Reuni\u00f5es com os Conselhos Locais de Sa\u00fade, com o Conselho Municipal de Sa\u00fade e com enfermeiros da rede p\u00fablica, e a presen\u00e7a na abertura das duas pr\u00e9-confer\u00eancias municipais de sa\u00fade. A participa\u00e7\u00e3o do prefeito Junior da Femac em todos esses eventos nos \u00faltimos dias tem demonstrado a aten\u00e7\u00e3o que pretende continuar dando a \u00e1rea da sa\u00fade p\u00fablica no munic\u00edpio em sua administra\u00e7\u00e3o.<br \/>\nEm todas essas ocasi\u00f5es Junior da Femac fez quest\u00e3o de elogiar a atua\u00e7\u00e3o dos servidores da sa\u00fade e afirmou que quer trabalhar para fazer da sa\u00fade de Apucarana a melhor do Paran\u00e1. \u201cVamos promover momentos de valoriza\u00e7\u00e3o dos profissionais e mostrar que essas pessoas s\u00e3o importantes para n\u00f3s porque s\u00e3o elas que cuidam da sa\u00fade dos apucaranenses\u201d, afirmou.<br \/>\nUm dos pontos destacados pelo prefeito \u00e9 com rela\u00e7\u00e3o \u00e0s condi\u00e7\u00f5es do ambiente de trabalho nesta \u00e1rea. H\u00e1 uma semana, por exemplo, come\u00e7ou a \u00a0intensifica\u00e7\u00e3o dos servi\u00e7os de reparos e manuten\u00e7\u00e3o de todos os pr\u00e9dios da sa\u00fade e foi anunciada a troca do \u00a0mobili\u00e1rio das Unidades B\u00e1sicas de Sa\u00fade. \u201cAl\u00e9m da \u00e1rea cl\u00ednica da sa\u00fade que sempre mereceu uma aten\u00e7\u00e3o especial da gest\u00e3o Beto Preto, agora vamos avan\u00e7ar na parte da infraestrutura dos pr\u00e9dios da sa\u00fade, em especial das unidades de sa\u00fade, dando condi\u00e7\u00f5es de trabalho para nossos profissionais e um local adequado para receber os pacientes\u201d, disse Junior, complementando que tamb\u00e9m tem planos de fornecer uniformes novos para os profissionais da sa\u00fade.<br \/>\n&nbsp;<\/p>\n","protected":false},"excerpt":{"rendered":"<p>Em todas as ocasi\u00f5es o prefeito fez quest\u00e3o de elogiar a atua\u00e7\u00e3o dos servidores da sa\u00fade e afirmou que quer trabalhar para fazer da sa\u00fade de Apucarana a melhor do Paran\u00e1 (Fotos &#8211; Edson Denobi e Profeta)<\/p>\n","protected":false},"author":4,"featured_media":22329,"comment_status":"closed","ping_status":"open","sticky":false,"template":"","format":"standard","meta":{"footnotes":""},"categories":[24],"tags":[],"class_list":["post-22328","post","type-post","status-publish","format-standard","has-post-thumbnail","hentry","category-noticias"],"acf":[],"_links":{"self":[{"href":"http:\/\/www.apucarana.pr.gov.br\/site\/wp-json\/wp\/v2\/posts\/22328","targetHints":{"allow":["GET"]}}],"collection":[{"href":"http:\/\/www.apucarana.pr.gov.br\/site\/wp-json\/wp\/v2\/posts"}],"about":[{"href":"http:\/\/www.apucarana.pr.gov.br\/site\/wp-json\/wp\/v2\/types\/post"}],"author":[{"embeddable":true,"href":"http:\/\/www.apucarana.pr.gov.br\/site\/wp-json\/wp\/v2\/users\/4"}],"replies":[{"embeddable":true,"href":"http:\/\/www.apucarana.pr.gov.br\/site\/wp-json\/wp\/v2\/comments?post=22328"}],"version-history":[{"count":1,"href":"http:\/\/www.apucarana.pr.gov.br\/site\/wp-json\/wp\/v2\/posts\/22328\/revisions"}],"predecessor-version":[{"id":100635,"href":"http:\/\/www.apucarana.pr.gov.br\/site\/wp-json\/wp\/v2\/posts\/22328\/revisions\/100635"}],"wp:featuredmedia":[{"embeddable":true,"href":"http:\/\/www.apucarana.pr.gov.br\/site\/wp-json\/"}],"wp:attachment":[{"href":"http:\/\/www.apucarana.pr.gov.br\/site\/wp-json\/wp\/v2\/media?parent=22328"}],"wp:term":[{"taxonomy":"category","embeddable":true,"href":"http:\/\/www.apucarana.pr.gov.br\/site\/wp-json\/wp\/v2\/categories?post=22328"},{"taxonomy":"post_tag","embeddable":true,"href":"http:\/\/www.apucarana.pr.gov.br\/site\/wp-json\/wp\/v2\/tags?post=22328"}],"curies":[{"name":"wp","href":"https:\/\/api.w.org\/{rel}","templated":true}]}}