{"id":22297,"date":"2019-03-18T10:58:35","date_gmt":"2019-03-18T13:58:35","guid":{"rendered":"http:\/\/172.16.0.7\/site-antigo\/?p=22297"},"modified":"2024-10-08T09:18:22","modified_gmt":"2024-10-08T12:18:22","slug":"prefeito-participa-de-aula-inaugural-do-curso-de-especializacao-em-matematica","status":"publish","type":"post","link":"http:\/\/www.apucarana.pr.gov.br\/site\/prefeito-participa-de-aula-inaugural-do-curso-de-especializacao-em-matematica\/","title":{"rendered":"Prefeito participa de aula inaugural do curso de especializa\u00e7\u00e3o em matem\u00e1tica"},"content":{"rendered":"<p>O prefeito de Apucarana, Junior da Femac, prestigiou o in\u00edcio do curso de \u00a0Especializa\u00e7\u00e3o para Professores do Ensino M\u00e9dio de Matem\u00e1tica. A aula inaugural ocorreu no s\u00e1bado (16\/03), no polo Apucarana da Universidade Aberta do Brasil (UAB).<br \/>\nO curso, desenvolvido em parceria com a Universidade Estadual do Centro-Oeste (Unicentro), visa\u00a0promover a forma\u00e7\u00e3o inicial e continuada de professores. \u201cA proposta do curso se pauta nas necessidades do cotidiano dos docentes em sala de aula. \u00c9 mais uma oportunidade para os professores se aperfei\u00e7oarem, contribuindo para a melhoria da qualidade de ensino\u201d, assinala Junior da Femac.<br \/>\nDe acordo com Sueli Gomes Reis Gon\u00e7alves, coordenadora do polo Apucarana, o curso ofertou 150 vagas em todo Estado, divididos nos polos UAB Apucarana, Campo Largo, Cruzeiro do Oeste, Engenheiro Beltr\u00e3o e Tel\u00eamaco Borba. \u201cApucarana \u00e9 o polo que teve a maior procura, registrando 59 matr\u00edculas aprovadas\u201d, frisa Sueli.<br \/>\nAo todo, a especializa\u00e7\u00e3o ter\u00e1 360 horas\/aula, abrangendo as disciplinas de introdu\u00e7\u00e3o a EaD, atividades experimentais, fun\u00e7\u00f5es elementares, matem\u00e1tica discreta, geometria espacial, conte\u00fado e pr\u00e1tica, pesquisa em matem\u00e1tica na sala de aula e metodologia de pesquisa.<br \/>\nTamb\u00e9m estiveram presentes na aula inaugural Marcio Andr\u00e9 Martins, professor coordenador de TCC (Trabalho de Conclus\u00e3o de Curso), \u00a0Jaqueline Almeida de Lima, do N\u00facleo de Educa\u00e7\u00e3o a Dist\u00e2ncia da Unicentro, e Janaine Aparecida Kuxla Ternoski, assessora especial da Unicentro.<br \/>\n&nbsp;<br \/>\n&nbsp;<\/p>\n","protected":false},"excerpt":{"rendered":"<p>Apucarana \u00e9 o polo que teve a maior procura, registrando 59 matr\u00edculas aprovadas (Foto; Josias Profeta)<\/p>\n","protected":false},"author":4,"featured_media":22300,"comment_status":"closed","ping_status":"open","sticky":false,"template":"","format":"standard","meta":{"footnotes":""},"categories":[24],"tags":[],"class_list":["post-22297","post","type-post","status-publish","format-standard","has-post-thumbnail","hentry","category-noticias"],"acf":[],"_links":{"self":[{"href":"http:\/\/www.apucarana.pr.gov.br\/site\/wp-json\/wp\/v2\/posts\/22297","targetHints":{"allow":["GET"]}}],"collection":[{"href":"http:\/\/www.apucarana.pr.gov.br\/site\/wp-json\/wp\/v2\/posts"}],"about":[{"href":"http:\/\/www.apucarana.pr.gov.br\/site\/wp-json\/wp\/v2\/types\/post"}],"author":[{"embeddable":true,"href":"http:\/\/www.apucarana.pr.gov.br\/site\/wp-json\/wp\/v2\/users\/4"}],"replies":[{"embeddable":true,"href":"http:\/\/www.apucarana.pr.gov.br\/site\/wp-json\/wp\/v2\/comments?post=22297"}],"version-history":[{"count":1,"href":"http:\/\/www.apucarana.pr.gov.br\/site\/wp-json\/wp\/v2\/posts\/22297\/revisions"}],"predecessor-version":[{"id":100637,"href":"http:\/\/www.apucarana.pr.gov.br\/site\/wp-json\/wp\/v2\/posts\/22297\/revisions\/100637"}],"wp:featuredmedia":[{"embeddable":true,"href":"http:\/\/www.apucarana.pr.gov.br\/site\/wp-json\/"}],"wp:attachment":[{"href":"http:\/\/www.apucarana.pr.gov.br\/site\/wp-json\/wp\/v2\/media?parent=22297"}],"wp:term":[{"taxonomy":"category","embeddable":true,"href":"http:\/\/www.apucarana.pr.gov.br\/site\/wp-json\/wp\/v2\/categories?post=22297"},{"taxonomy":"post_tag","embeddable":true,"href":"http:\/\/www.apucarana.pr.gov.br\/site\/wp-json\/wp\/v2\/tags?post=22297"}],"curies":[{"name":"wp","href":"https:\/\/api.w.org\/{rel}","templated":true}]}}