{"id":22292,"date":"2019-03-18T10:54:17","date_gmt":"2019-03-18T13:54:17","guid":{"rendered":"http:\/\/172.16.0.7\/site-antigo\/?p=22292"},"modified":"2024-10-08T09:18:22","modified_gmt":"2024-10-08T12:18:22","slug":"polo-de-apucarana-forma-mais-uma-turma-de-administracao-publica","status":"publish","type":"post","link":"http:\/\/www.apucarana.pr.gov.br\/site\/polo-de-apucarana-forma-mais-uma-turma-de-administracao-publica\/","title":{"rendered":"Polo de Apucarana forma mais uma  turma de Administra\u00e7\u00e3o P\u00fablica"},"content":{"rendered":"<p>Mais 32 acad\u00eamicos foram formados no curso de Bacharelado em Administra\u00e7\u00e3o P\u00fablica, oferecido na modalidade a dist\u00e2ncia atrav\u00e9s de uma parceria entre o polo Apucarana da Universidade Aberta do Brasil (UAB) e a Universidade Estadual do Centro-Oeste (Unicentro), de Guarapuava. A cola\u00e7\u00e3o de grau aconteceu na sexta-feira (15\/03), no Cine Teatro F\u00eanix e contou com a presen\u00e7a, al\u00e9m dos formandos, de autoridades, professores e familiares.<br \/>\nDe acordo com Sueli Gomes Reis Gon\u00e7alves, coordenadora do Polo da UAB Apucarana, o curso em Administra\u00e7\u00e3o P\u00fablica, atende as necessidades das organiza\u00e7\u00f5es p\u00fablicas contempor\u00e2neas. \u201cO objetivo \u00e9 a forma\u00e7\u00e3o de gestores com vis\u00e3o hol\u00edstica das a\u00e7\u00f5es administrativas e pol\u00edticas governamentais, capacitados para exercitar a gest\u00e3o na esfera regional, nacional e internacional\u201d, frisa.<br \/>\nSueli afirma que a modalidade a dist\u00e2ncia atende a demanda de forma\u00e7\u00e3o superior de gestores p\u00fablicos no Estado do Paran\u00e1, incluindo seus mais distantes munic\u00edpios. \u201c\u00c9 uma forma eficaz para ampliar o n\u00famero de benefici\u00e1rios da forma\u00e7\u00e3o superior gratuita e de qualidade\u201d, avalia.<br \/>\nEla explica que o Sistema Universidade Aberta do Brasil (UAB) \u00e9 vinculado ao N\u00facleo de Educa\u00e7\u00e3o a Dist\u00e2ncia (NEAD) da Unicentro. \u201cDesde 2005, o sistema vem disponibilizando cursos de gradua\u00e7\u00e3o, p\u00f3s-gradua\u00e7\u00e3o e aperfei\u00e7oamento. Atualmente, atende 2.775 alunos, matriculados nos mais de 20 polos existentes no Estado do Paran\u00e1, sendo um que um deles est\u00e1 localizado em Apucarana\u201d, contextualiza.<br \/>\nA cerim\u00f4nia de cola\u00e7\u00e3o de grau foi presidida pelo professor Ademir \u00a0Jaracy Fanfa Ribas, coordenador do curso e presidente do conselho universit\u00e1rio da Unicentro. De acordo com ele, a Unicentro est\u00e1 instalada na regi\u00e3o central do Estado, mas possui campus em mais sete munic\u00edpios. O representante da Unicentro ressalta que a institui\u00e7\u00e3o \u00e9 hoje a 28\u00aa melhor universidade do Brasil, conforme avalia\u00e7\u00e3o do Minist\u00e9rio da Educa\u00e7\u00e3o.<br \/>\nA turma de formandos foi denominada Professor M\u00e1rcio Alexandre Facini e teve como patrono o professor Ademir Juracy Fanfa Ribas e por paraninfo o professor Cl\u00e9ber Trindade Barbosa. A formatura teve ainda a presen\u00e7a da professora Maria Aparecida Crissi Knuppel, coordenadora da Universidade Aberta do Brasil (UAB), e da professora Jossuela Pinheiro, secret\u00e1ria de Esportes e Lazer do Munic\u00edpio de Apucarana.<\/p>\n","protected":false},"excerpt":{"rendered":"<p>A cola\u00e7\u00e3o de grau reuniu os 32 formandos, em solenidade realizada no Cine Teatro F\u00eanix<\/p>\n","protected":false},"author":4,"featured_media":22293,"comment_status":"closed","ping_status":"open","sticky":false,"template":"","format":"standard","meta":{"footnotes":""},"categories":[24],"tags":[],"class_list":["post-22292","post","type-post","status-publish","format-standard","has-post-thumbnail","hentry","category-noticias"],"acf":[],"_links":{"self":[{"href":"http:\/\/www.apucarana.pr.gov.br\/site\/wp-json\/wp\/v2\/posts\/22292","targetHints":{"allow":["GET"]}}],"collection":[{"href":"http:\/\/www.apucarana.pr.gov.br\/site\/wp-json\/wp\/v2\/posts"}],"about":[{"href":"http:\/\/www.apucarana.pr.gov.br\/site\/wp-json\/wp\/v2\/types\/post"}],"author":[{"embeddable":true,"href":"http:\/\/www.apucarana.pr.gov.br\/site\/wp-json\/wp\/v2\/users\/4"}],"replies":[{"embeddable":true,"href":"http:\/\/www.apucarana.pr.gov.br\/site\/wp-json\/wp\/v2\/comments?post=22292"}],"version-history":[{"count":1,"href":"http:\/\/www.apucarana.pr.gov.br\/site\/wp-json\/wp\/v2\/posts\/22292\/revisions"}],"predecessor-version":[{"id":100638,"href":"http:\/\/www.apucarana.pr.gov.br\/site\/wp-json\/wp\/v2\/posts\/22292\/revisions\/100638"}],"wp:featuredmedia":[{"embeddable":true,"href":"http:\/\/www.apucarana.pr.gov.br\/site\/wp-json\/"}],"wp:attachment":[{"href":"http:\/\/www.apucarana.pr.gov.br\/site\/wp-json\/wp\/v2\/media?parent=22292"}],"wp:term":[{"taxonomy":"category","embeddable":true,"href":"http:\/\/www.apucarana.pr.gov.br\/site\/wp-json\/wp\/v2\/categories?post=22292"},{"taxonomy":"post_tag","embeddable":true,"href":"http:\/\/www.apucarana.pr.gov.br\/site\/wp-json\/wp\/v2\/tags?post=22292"}],"curies":[{"name":"wp","href":"https:\/\/api.w.org\/{rel}","templated":true}]}}